{"id":97,"date":"2010-02-28T15:34:44","date_gmt":"2010-02-28T14:34:44","guid":{"rendered":"http:\/\/www.koblenz-kesselheim.de\/kirmes\/?p=97"},"modified":"2010-08-11T16:23:18","modified_gmt":"2010-08-11T15:23:18","slug":"die-boller","status":"publish","type":"post","link":"https:\/\/www.koblenz-kesselheim.de\/kirmes\/boeller_schiessleute\/die-boller\/","title":{"rendered":"Die B\u00f6ller"},"content":{"rendered":"<div id=\"attachment_98\" style=\"width: 190px\" class=\"wp-caption aligncenter\"><a href=\"http:\/\/www.koblenz-kesselheim.de\/kirmes\/wp-content\/uploads\/2010\/02\/boeller-bunt.jpg\"><img loading=\"lazy\" decoding=\"async\" aria-describedby=\"caption-attachment-98\" class=\"size-full wp-image-98\" title=\"boeller bunt\" src=\"http:\/\/www.koblenz-kesselheim.de\/kirmes\/wp-content\/uploads\/2010\/02\/boeller-bunt.jpg\" alt=\"\" width=\"180\" height=\"135\" \/><\/a><p id=\"caption-attachment-98\" class=\"wp-caption-text\">Unsere B\u00f6ller<\/p><\/div>\n<p><span style=\"font-size: large;\"><strong>Jahrebericht 2009 <\/strong><\/span><br \/>\n(aus der Kirmeszeitung 2010)<\/p>\n<p>&#8230;.<\/p>\n<p>Am Sonntag um 14 Uhr war es dann endlich soweit. Die alte Emma und ihre zwei Schwestern wurden nach langj\u00e4hriger Treue in den Ruhestand geschickt und von 3 neuen B\u00f6llern ersetzt. Die neuen B\u00f6ller wurden traditionell von unserem Pastor Herrn Corsten vorab geweiht. Anschlie\u00dfend hielten der Ortsvorsteher Herr Herbert Dott und unser ehemaliger erster Vorsitzender Bernd Naunheim eine kurze Rede.<\/p>\n<p>Die neuen B\u00f6ller wurden uns von der Sparkasse Koblenz, der Raiffeisenbank Mittelrhein und Herrn Klaus Sch\u00fctzeichel gesponsort. Jeder durfte nat\u00fcrlich auch seinem B\u00f6ller einen Namen geben und anschlie\u00dfend den ersten B\u00f6ller abfeuern.<\/p>\n<p>Unsere 3 Neuen tragen nun die Namen<\/p>\n<p><strong>Katharina, Karin und Kl\u00e4usschen<\/strong>.<\/p>\n<p>&#8230;.<\/p>\n<p><span style=\"font-size: large;\"><strong>Unsere neuen B\u00f6ller<\/strong><\/span><br \/>\nArtikel der Schie\u00dfjungen von Jonas Gerolstein (Kirmeszeitung 2010)<\/p>\n<p>Schauen wir zur\u00fcck auf die Kirmes 2009 aus der Sicht der Schie\u00dfleute.<\/p>\n<p>&#8230;.<\/p>\n<p>Das wichtigste Ereignis f\u00fcr uns, wie aber bestimmt auch f\u00fcr viele andere Kesselheimerinnen und Kesselheimer, war die Pr\u00e4sentation und Aufnahme der neuen Kanonen. Zugegeben, der Abschied von\u00a0 den alten Kanonen, allen voran unserer Emma, fiel uns allen nicht sehr leicht, da sie eigentlich sowas wie Kultstatus besitzt.<\/p>\n<p>Aber mittlerweile haben wir auch die Neuen voll und ganz akzeptiert und freuen uns darauf, diese endlich wieder mit Schie\u00dfpulver zu laden. Dank gilt hier unserem Schie\u00dfmeister Chrissi Ladendorff, der alle drei neuen B\u00f6ller optisch den Alten angepasst hat! Auch m\u00f6chten wir nochmal den drei Spendern danken, die die Anschaffung unseres wichtigsten Arbeitsger\u00e4ts erst erm\u00f6glicht haben.<\/p>\n<p>&#8230;..<\/p>\n<p><span style=\"text-decoration: underline;\"><strong>B\u00f6ller im Besitz der KG<\/strong><\/span><\/p>\n<p><strong>Emma<\/strong><\/p>\n<p>Name:\u00a0 Emma<\/p>\n<p>Nummer:\u00a0 180578 \/ 290<\/p>\n<p>Gewicht:\u00a0 35kg<\/p>\n<p>Hersteller \/ Modell:<\/p>\n<p>&lt;unbekannt&gt;<\/p>\n<p>Kaliber:\u00a0 40mm Standb\u00f6ller<\/p>\n<p>zul\u00e4ssige Gebrauchsladung:<\/p>\n<p>100,0g B\u00f6llerpulver<\/p>\n<p>25,0g Vorlage<\/p>\n<p>zuletzt beschossen:<\/p>\n<p>20.12.2006<\/p>\n<p><strong>Emmas Schwestern<\/strong><\/p>\n<p>Name:\u00a0 &lt;unbekannt&gt;<\/p>\n<p>Nummer:\u00a0 200578 \/ 289<\/p>\n<p>190578 \/ 288<\/p>\n<p>Gewicht:\u00a0 25kg<\/p>\n<p>Hersteller \/ Modell:<\/p>\n<p>&lt;unbekannt&gt;<\/p>\n<p>Kaliber:\u00a0 30mm<\/p>\n<p>zul\u00e4ssige Gebrauchsladung:<\/p>\n<p>60,0g B\u00f6llerpulver<\/p>\n<p>20,0g Vorlage<\/p>\n<p>zuletzt beschossen:<\/p>\n<p>20.12.2006<\/p>\n","protected":false},"excerpt":{"rendered":"<p>Jahrebericht 2009 (aus der Kirmeszeitung 2010) &#8230;. Am Sonntag um 14 Uhr war es dann endlich soweit. Die alte Emma und ihre zwei Schwestern wurden nach langj\u00e4hriger Treue in den Ruhestand geschickt und von 3 neuen B\u00f6llern ersetzt. Die neuen &hellip; <a href=\"https:\/\/www.koblenz-kesselheim.de\/kirmes\/boeller_schiessleute\/die-boller\/\">Weiterlesen <span class=\"meta-nav\">&rarr;<\/span><\/a><\/p>\n","protected":false},"author":5,"featured_media":0,"comment_status":"closed","ping_status":"open","sticky":false,"template":"","format":"standard","meta":{"footnotes":""},"categories":[8],"tags":[27,48,26,47],"class_list":["post-97","post","type-post","status-publish","format-standard","hentry","category-boeller_schiessleute","tag-boller","tag-bollerschiessen","tag-schiessleute","tag-schiessmeister"],"_links":{"self":[{"href":"https:\/\/www.koblenz-kesselheim.de\/kirmes\/wp-json\/wp\/v2\/posts\/97","targetHints":{"allow":["GET"]}}],"collection":[{"href":"https:\/\/www.koblenz-kesselheim.de\/kirmes\/wp-json\/wp\/v2\/posts"}],"about":[{"href":"https:\/\/www.koblenz-kesselheim.de\/kirmes\/wp-json\/wp\/v2\/types\/post"}],"author":[{"embeddable":true,"href":"https:\/\/www.koblenz-kesselheim.de\/kirmes\/wp-json\/wp\/v2\/users\/5"}],"replies":[{"embeddable":true,"href":"https:\/\/www.koblenz-kesselheim.de\/kirmes\/wp-json\/wp\/v2\/comments?post=97"}],"version-history":[{"count":9,"href":"https:\/\/www.koblenz-kesselheim.de\/kirmes\/wp-json\/wp\/v2\/posts\/97\/revisions"}],"predecessor-version":[{"id":101,"href":"https:\/\/www.koblenz-kesselheim.de\/kirmes\/wp-json\/wp\/v2\/posts\/97\/revisions\/101"}],"wp:attachment":[{"href":"https:\/\/www.koblenz-kesselheim.de\/kirmes\/wp-json\/wp\/v2\/media?parent=97"}],"wp:term":[{"taxonomy":"category","embeddable":true,"href":"https:\/\/www.koblenz-kesselheim.de\/kirmes\/wp-json\/wp\/v2\/categories?post=97"},{"taxonomy":"post_tag","embeddable":true,"href":"https:\/\/www.koblenz-kesselheim.de\/kirmes\/wp-json\/wp\/v2\/tags?post=97"}],"curies":[{"name":"wp","href":"https:\/\/api.w.org\/{rel}","templated":true}]}}