{"id":81,"date":"2010-02-28T15:19:44","date_gmt":"2010-02-28T14:19:44","guid":{"rendered":"http:\/\/www.koblenz-kesselheim.de\/kirmes\/?p=81"},"modified":"2010-04-09T19:00:31","modified_gmt":"2010-04-09T18:00:31","slug":"umzug-und-krieg","status":"publish","type":"post","link":"https:\/\/www.koblenz-kesselheim.de\/kirmes\/chronik\/umzug-und-krieg\/","title":{"rendered":"Umzug und Krieg"},"content":{"rendered":"<table border=\"0\" cellspacing=\"0\" cellpadding=\"0\">\n<tbody>\n<tr>\n<td width=\"624\" valign=\"top\">Geschrieben von: Helmut Sch\u00fcller<\/td>\n<\/tr>\n<tr>\n<td width=\"624\" valign=\"top\">Der Platzbedarf f\u00fcr die Schausteller wurde von Jahr zu Jahr gr\u00f6\u00dfer. Der   Platz vor der Kirche wurde zu klein. 1937 entschlo\u00df sich die Gemeinde   Kesselheim einen Kirmesplatz anzulegen. Hierf\u00fcr kaufte sie von Herrn Josef   M\u00fcnzel Gartenland, das heute den untere Teil des Kirmesplatzes bildet. Dort   hatten die Schausteller nun gen\u00fcgend Platz und waren alle an einem Ort   versammelt.<br \/>\nDie letzte Kirmes vor dem 2. Weltkrieg feierten die Kesselheimer im Jahr   1938. Die Kirmes f\u00fcr 1939 war schon vorbereitet, fiel aber wegen des   Kriegsbeginns aus.<br \/>\nSehr bald nach dem Krieg dachte man schon wieder an die Kirmes. Mit einem   Sack Kartoffeln f\u00fcr den F\u00f6rster, machten sich einige M\u00e4nner auf in den   Stadtwald. Im Tausch gegen die Kartoffeln durften sie einen Kirmesbaum   schlagen. Schon 1947 stand wieder ein Kirmesbaum in Kesselheim.<br \/>\nNach 10 j\u00e4hriger Pause wurde 1948 die Kirmesgesellschaft wieder aktiv. Die   erste Versammlung nach dem Krieg er\u00f6ffnete das ehemalige Vorstandsmitglied   von 1938 Herr Willi Bubenheim. Der erste Kirmespr\u00e4sident nach dem Krieg war   unser heutiges Ehrenmitglied Herr Willi Reif.<br \/>\nDie lange Pause brachte auch einige Ver\u00e4nderungen mit sich. So w\u00e4hlte die   Versammlung keinen Zugf\u00fchrer mehr, der f\u00fcr den Festumzug zust\u00e4ndig war. Den   Festumzug selbst verlegte man vom Montag auf den Sonntag. Ein gro\u00dfes   Feuerwerk versch\u00f6nerte erstmals den samstagabendlichen Fackelzug.<br \/>\nNach dem Kirchgang, am Montagmorgen, wurde am Ehrenmal den Toten und   Vermi\u00dften beider Weltkriege gedacht und ein Kranz niedergelegt. Den darauf   folgenden Fr\u00fchschoppen versch\u00f6nerte der MGV, wie auch in den folgenden Jahre,   durch seine gesangliche Darbietungen. Auf dem Fr\u00fchschoppen w\u00e4hlten die   Mitglieder, genauso wie vor dem Krieg, ihren F\u00e4hnrich. Den Wein zum Tanz und   Fr\u00fchschoppen brachte man selbst mit und bezahlte dem Wirt \u201eStoppengeld\u201c. Es   herrschte zu dieser Zeit noch kein \u00dcberflu\u00df. Bei der Kinderbelustigung wurden   keine ganzen W\u00fcrste verteilt, sondern nur kleine St\u00fcckchen. Diese banden die   Schie\u00dfjungen an Angelruten und verteilten sie damit an die anwesenden Kinder.<\/td>\n<\/tr>\n<\/tbody>\n<\/table>\n","protected":false},"excerpt":{"rendered":"<p>Geschrieben von: Helmut Sch\u00fcller Der Platzbedarf f\u00fcr die Schausteller wurde von Jahr zu Jahr gr\u00f6\u00dfer. Der Platz vor der Kirche wurde zu klein. 1937 entschlo\u00df sich die Gemeinde Kesselheim einen Kirmesplatz anzulegen. Hierf\u00fcr kaufte sie von Herrn Josef M\u00fcnzel Gartenland, &hellip; <a href=\"https:\/\/www.koblenz-kesselheim.de\/kirmes\/chronik\/umzug-und-krieg\/\">Weiterlesen <span class=\"meta-nav\">&rarr;<\/span><\/a><\/p>\n","protected":false},"author":5,"featured_media":0,"comment_status":"closed","ping_status":"open","sticky":false,"template":"","format":"standard","meta":{"footnotes":""},"categories":[5],"tags":[75,21,54,50],"class_list":["post-81","post","type-post","status-publish","format-standard","hentry","category-chronik","tag-chronik","tag-kg","tag-krieg","tag-verein"],"_links":{"self":[{"href":"https:\/\/www.koblenz-kesselheim.de\/kirmes\/wp-json\/wp\/v2\/posts\/81","targetHints":{"allow":["GET"]}}],"collection":[{"href":"https:\/\/www.koblenz-kesselheim.de\/kirmes\/wp-json\/wp\/v2\/posts"}],"about":[{"href":"https:\/\/www.koblenz-kesselheim.de\/kirmes\/wp-json\/wp\/v2\/types\/post"}],"author":[{"embeddable":true,"href":"https:\/\/www.koblenz-kesselheim.de\/kirmes\/wp-json\/wp\/v2\/users\/5"}],"replies":[{"embeddable":true,"href":"https:\/\/www.koblenz-kesselheim.de\/kirmes\/wp-json\/wp\/v2\/comments?post=81"}],"version-history":[{"count":2,"href":"https:\/\/www.koblenz-kesselheim.de\/kirmes\/wp-json\/wp\/v2\/posts\/81\/revisions"}],"predecessor-version":[{"id":486,"href":"https:\/\/www.koblenz-kesselheim.de\/kirmes\/wp-json\/wp\/v2\/posts\/81\/revisions\/486"}],"wp:attachment":[{"href":"https:\/\/www.koblenz-kesselheim.de\/kirmes\/wp-json\/wp\/v2\/media?parent=81"}],"wp:term":[{"taxonomy":"category","embeddable":true,"href":"https:\/\/www.koblenz-kesselheim.de\/kirmes\/wp-json\/wp\/v2\/categories?post=81"},{"taxonomy":"post_tag","embeddable":true,"href":"https:\/\/www.koblenz-kesselheim.de\/kirmes\/wp-json\/wp\/v2\/tags?post=81"}],"curies":[{"name":"wp","href":"https:\/\/api.w.org\/{rel}","templated":true}]}}