{"id":72,"date":"2010-02-28T15:14:58","date_gmt":"2010-02-28T14:14:58","guid":{"rendered":"http:\/\/www.koblenz-kesselheim.de\/kirmes\/?p=72"},"modified":"2010-04-09T19:01:47","modified_gmt":"2010-04-09T18:01:47","slug":"vor-dem-verein","status":"publish","type":"post","link":"https:\/\/www.koblenz-kesselheim.de\/kirmes\/chronik\/vor-dem-verein\/","title":{"rendered":"Vor dem Verein"},"content":{"rendered":"<table border=\"0\" cellspacing=\"0\" cellpadding=\"0\">\n<tbody>\n<tr>\n<td width=\"624\" valign=\"top\">Geschrieben von: Helmut Sch\u00fcller<\/td>\n<\/tr>\n<tr>\n<td width=\"624\" valign=\"top\">Lange vor der Gr\u00fcndung der Kesselheimer Kirmesgesellschaft St. Martin   e.V. feierten die Kesselheimer schon das Kirchweihfest der Pfarrkirche St.   Martin. Es wurde immer am 1. Sonntag nach St. Martin, dem 11. November,   gefeiert. Der Kirmesplatz und der Kirmesbaum befanden sich vor der Kirche.<br \/>\nZu dieser Zeit hatte Kesselheim noch keinen Strom. und die Karussells wurden   von Pferden angetrieben oder von Menschenkraft. So konnten die Kinder beim   Antreiben helfen und erhielten f\u00fcr f\u00fcnf Fahrten bei denen sie halfen eine   Freifahrt.<\/p>\n<p>In der Zeit nach dem 1. Weltkrieg war das Wetter an den Kirmeswochenenden   immer sehr schlecht. Die Kirmes konnte nicht wie \u00fcblich bei sch\u00f6nem Wetter   gefeiert werden. Aus diesem Grund versammelten sich 1921 die Kesselheimer   B\u00fcrger im Saal der Wirtschaft Joseph Milz (heute Keglerst\u00fcbchen) zu einer   B\u00fcrgerversammlung. Die Kirmes sollte auf ein Wochenende vorverlegt werden, an   dem das Wetter sch\u00f6ner ist. Nach heftiger Debatte \u00fcber das F\u00fcr und Wider der   Verlegung kam es zur Abstimmung. Achtzehn stimmten f\u00fcr die Beibehaltung und   42 f\u00fcr die Verlegung auf den ersten Sonntag im September.<br \/>\nDenn bis zum September hatten die Bauern ihren Weizen, den Roggen, die Gerste   usw. geerntet und bis zur Kartoffelernte war noch gen\u00fcgend Zeit. Die Bauern,   die damals den \u00fcberwiegenden Teil der Kesselheimer Bev\u00f6lkerung darstellten,   hatten zu Beginn des September Zeit zu feiern. Somit feierte Kesselheim im   Jahre 1921 die erste Kirmes im September.<\/td>\n<\/tr>\n<\/tbody>\n<\/table>\n","protected":false},"excerpt":{"rendered":"<p>Geschrieben von: Helmut Sch\u00fcller Lange vor der Gr\u00fcndung der Kesselheimer Kirmesgesellschaft St. Martin e.V. feierten die Kesselheimer schon das Kirchweihfest der Pfarrkirche St. Martin. Es wurde immer am 1. Sonntag nach St. Martin, dem 11. November, gefeiert. Der Kirmesplatz und &hellip; <a href=\"https:\/\/www.koblenz-kesselheim.de\/kirmes\/chronik\/vor-dem-verein\/\">Weiterlesen <span class=\"meta-nav\">&rarr;<\/span><\/a><\/p>\n","protected":false},"author":5,"featured_media":0,"comment_status":"closed","ping_status":"open","sticky":false,"template":"","format":"standard","meta":{"footnotes":""},"categories":[5],"tags":[75,21,50,57],"class_list":["post-72","post","type-post","status-publish","format-standard","hentry","category-chronik","tag-chronik","tag-kg","tag-verein","tag-vor-dem-verein"],"_links":{"self":[{"href":"https:\/\/www.koblenz-kesselheim.de\/kirmes\/wp-json\/wp\/v2\/posts\/72","targetHints":{"allow":["GET"]}}],"collection":[{"href":"https:\/\/www.koblenz-kesselheim.de\/kirmes\/wp-json\/wp\/v2\/posts"}],"about":[{"href":"https:\/\/www.koblenz-kesselheim.de\/kirmes\/wp-json\/wp\/v2\/types\/post"}],"author":[{"embeddable":true,"href":"https:\/\/www.koblenz-kesselheim.de\/kirmes\/wp-json\/wp\/v2\/users\/5"}],"replies":[{"embeddable":true,"href":"https:\/\/www.koblenz-kesselheim.de\/kirmes\/wp-json\/wp\/v2\/comments?post=72"}],"version-history":[{"count":2,"href":"https:\/\/www.koblenz-kesselheim.de\/kirmes\/wp-json\/wp\/v2\/posts\/72\/revisions"}],"predecessor-version":[{"id":489,"href":"https:\/\/www.koblenz-kesselheim.de\/kirmes\/wp-json\/wp\/v2\/posts\/72\/revisions\/489"}],"wp:attachment":[{"href":"https:\/\/www.koblenz-kesselheim.de\/kirmes\/wp-json\/wp\/v2\/media?parent=72"}],"wp:term":[{"taxonomy":"category","embeddable":true,"href":"https:\/\/www.koblenz-kesselheim.de\/kirmes\/wp-json\/wp\/v2\/categories?post=72"},{"taxonomy":"post_tag","embeddable":true,"href":"https:\/\/www.koblenz-kesselheim.de\/kirmes\/wp-json\/wp\/v2\/tags?post=72"}],"curies":[{"name":"wp","href":"https:\/\/api.w.org\/{rel}","templated":true}]}}