{"id":516,"date":"2010-08-06T17:01:37","date_gmt":"2010-08-06T16:01:37","guid":{"rendered":"http:\/\/www.koblenz-kesselheim.de\/kirmes\/?p=516"},"modified":"2011-01-22T12:59:15","modified_gmt":"2011-01-22T11:59:15","slug":"mitglieder-ehrungen-2010","status":"publish","type":"post","link":"https:\/\/www.koblenz-kesselheim.de\/kirmes\/ehrungen\/mitglieder-ehrungen-2010\/","title":{"rendered":"Mitglieder-Ehrungen 2010"},"content":{"rendered":"<p>\ufeff\ufeffAuf der Mitgliederversammlung am 28.01.2010 erfolgten<\/p>\n<p>folgende Ehrungen von Mitgliedern:<\/p>\n<table>\n<tbody>\n<tr>\n<td><strong>Neues Ehrenmitglied ist  \t\t\tKlaus Scherer<\/strong><\/td>\n<td><\/td>\n<td><\/td>\n<td><\/td>\n<\/tr>\n<tr>\n<td><\/td>\n<td><\/td>\n<td><\/td>\n<td><\/td>\n<\/tr>\n<tr>\n<td><strong> <\/strong><\/td>\n<\/tr>\n<\/tbody>\n<\/table>\n<table style=\"height: 391px;\" border=\"0\">\n<tbody>\n<tr>\n<td><strong>Ehrung f\u00fcr<\/strong><strong> 25j\u00e4hrige Mitgliedschaft:<\/strong><\/p>\n<p><strong>Silberne Ehrennadel<br \/>\n<\/strong><\/td>\n<td><\/td>\n<\/tr>\n<tr>\n<td>Frank Schuth<\/td>\n<td><\/td>\n<\/tr>\n<tr>\n<td>Frank Raffauf<\/td>\n<td><\/td>\n<\/tr>\n<tr>\n<td>Ellen M\u00fcllender<\/td>\n<td><\/td>\n<\/tr>\n<tr>\n<td>J\u00fcrgen H\u00f6fer<\/td>\n<td><\/td>\n<\/tr>\n<tr>\n<td>Petra Sch\u00fctz<\/td>\n<td><\/td>\n<\/tr>\n<tr>\n<td>Winfried Kreutz<\/td>\n<td><\/td>\n<\/tr>\n<tr>\n<td>Wolfgang G\u00f6bel<\/td>\n<td><\/td>\n<\/tr>\n<tr>\n<td>Marion\u00a0 Hammes<\/td>\n<td><\/td>\n<\/tr>\n<tr>\n<td>Thomas Pauly<\/td>\n<td><\/td>\n<\/tr>\n<tr>\n<td>Patrick Wingen<\/td>\n<td><\/td>\n<\/tr>\n<tr>\n<td><\/td>\n<td><\/td>\n<\/tr>\n<tr>\n<td><strong>Ehrung f\u00fcr<\/strong><strong> 50j\u00e4hrige Mitgliedschaft:<\/strong><\/p>\n<p><strong>Goldene Ehrennadel<br \/>\n<\/strong><\/td>\n<td><\/td>\n<\/tr>\n<tr>\n<td>Werner Ohlig<\/td>\n<td><\/td>\n<\/tr>\n<tr>\n<td>Willi Wohlfahrt<\/td>\n<td><\/td>\n<\/tr>\n<tr>\n<td><\/td>\n<td><\/td>\n<\/tr>\n<\/tbody>\n<\/table>\n","protected":false},"excerpt":{"rendered":"<p>\ufeff\ufeffAuf der Mitgliederversammlung am 28.01.2010 erfolgten folgende Ehrungen von Mitgliedern: Neues Ehrenmitglied ist Klaus Scherer Ehrung f\u00fcr 25j\u00e4hrige Mitgliedschaft: Silberne Ehrennadel Frank Schuth Frank Raffauf Ellen M\u00fcllender J\u00fcrgen H\u00f6fer Petra Sch\u00fctz Winfried Kreutz Wolfgang G\u00f6bel Marion\u00a0 Hammes Thomas Pauly Patrick &hellip; <a href=\"https:\/\/www.koblenz-kesselheim.de\/kirmes\/ehrungen\/mitglieder-ehrungen-2010\/\">Weiterlesen <span class=\"meta-nav\">&rarr;<\/span><\/a><\/p>\n","protected":false},"author":5,"featured_media":0,"comment_status":"closed","ping_status":"closed","sticky":false,"template":"","format":"standard","meta":{"footnotes":""},"categories":[67],"tags":[],"class_list":["post-516","post","type-post","status-publish","format-standard","hentry","category-ehrungen"],"_links":{"self":[{"href":"https:\/\/www.koblenz-kesselheim.de\/kirmes\/wp-json\/wp\/v2\/posts\/516","targetHints":{"allow":["GET"]}}],"collection":[{"href":"https:\/\/www.koblenz-kesselheim.de\/kirmes\/wp-json\/wp\/v2\/posts"}],"about":[{"href":"https:\/\/www.koblenz-kesselheim.de\/kirmes\/wp-json\/wp\/v2\/types\/post"}],"author":[{"embeddable":true,"href":"https:\/\/www.koblenz-kesselheim.de\/kirmes\/wp-json\/wp\/v2\/users\/5"}],"replies":[{"embeddable":true,"href":"https:\/\/www.koblenz-kesselheim.de\/kirmes\/wp-json\/wp\/v2\/comments?post=516"}],"version-history":[{"count":6,"href":"https:\/\/www.koblenz-kesselheim.de\/kirmes\/wp-json\/wp\/v2\/posts\/516\/revisions"}],"predecessor-version":[{"id":518,"href":"https:\/\/www.koblenz-kesselheim.de\/kirmes\/wp-json\/wp\/v2\/posts\/516\/revisions\/518"}],"wp:attachment":[{"href":"https:\/\/www.koblenz-kesselheim.de\/kirmes\/wp-json\/wp\/v2\/media?parent=516"}],"wp:term":[{"taxonomy":"category","embeddable":true,"href":"https:\/\/www.koblenz-kesselheim.de\/kirmes\/wp-json\/wp\/v2\/categories?post=516"},{"taxonomy":"post_tag","embeddable":true,"href":"https:\/\/www.koblenz-kesselheim.de\/kirmes\/wp-json\/wp\/v2\/tags?post=516"}],"curies":[{"name":"wp","href":"https:\/\/api.w.org\/{rel}","templated":true}]}}