{"id":2511,"date":"2025-02-02T13:25:31","date_gmt":"2025-02-02T12:25:31","guid":{"rendered":"https:\/\/www.koblenz-kesselheim.de\/kirmes\/?p=2511"},"modified":"2025-02-02T13:40:29","modified_gmt":"2025-02-02T12:40:29","slug":"mitglieder-ehrungen-2025","status":"publish","type":"post","link":"https:\/\/www.koblenz-kesselheim.de\/kirmes\/news\/mitglieder-ehrungen-2025\/","title":{"rendered":"Mitglieder-Ehrungen 2025"},"content":{"rendered":"<p style=\"font-weight: 400; text-align: center;\">Auf der Mitgliederversammlung am 16.01.2025 erfolgten<\/p>\n<p style=\"font-weight: 400; text-align: center;\">folgende Ehrungen von Mitgliedern:<\/p>\n<p style=\"font-weight: 400; text-align: center;\"><strong>Ehrung f\u00fcr 50j\u00e4hrige Mitgliedschaft:<\/strong><\/p>\n<p style=\"font-weight: 400; text-align: center;\"><strong>Goldene Ehrennadel<\/strong><\/p>\n<p style=\"text-align: center;\">Peter D\u00f6tsch<\/p>\n<p style=\"text-align: center;\">Rolf M\u00fcnnich<\/p>\n<p style=\"text-align: center;\">Helmut G\u00fcls<\/p>\n","protected":false},"excerpt":{"rendered":"<p>Auf der Mitgliederversammlung am 16.01.2025 erfolgten folgende Ehrungen von Mitgliedern: Ehrung f\u00fcr 50j\u00e4hrige Mitgliedschaft: Goldene Ehrennadel Peter D\u00f6tsch Rolf M\u00fcnnich Helmut G\u00fcls<\/p>\n","protected":false},"author":6,"featured_media":0,"comment_status":"closed","ping_status":"closed","sticky":false,"template":"","format":"standard","meta":{"footnotes":""},"categories":[67,1],"tags":[],"class_list":["post-2511","post","type-post","status-publish","format-standard","hentry","category-ehrungen","category-news"],"_links":{"self":[{"href":"https:\/\/www.koblenz-kesselheim.de\/kirmes\/wp-json\/wp\/v2\/posts\/2511","targetHints":{"allow":["GET"]}}],"collection":[{"href":"https:\/\/www.koblenz-kesselheim.de\/kirmes\/wp-json\/wp\/v2\/posts"}],"about":[{"href":"https:\/\/www.koblenz-kesselheim.de\/kirmes\/wp-json\/wp\/v2\/types\/post"}],"author":[{"embeddable":true,"href":"https:\/\/www.koblenz-kesselheim.de\/kirmes\/wp-json\/wp\/v2\/users\/6"}],"replies":[{"embeddable":true,"href":"https:\/\/www.koblenz-kesselheim.de\/kirmes\/wp-json\/wp\/v2\/comments?post=2511"}],"version-history":[{"count":2,"href":"https:\/\/www.koblenz-kesselheim.de\/kirmes\/wp-json\/wp\/v2\/posts\/2511\/revisions"}],"predecessor-version":[{"id":2517,"href":"https:\/\/www.koblenz-kesselheim.de\/kirmes\/wp-json\/wp\/v2\/posts\/2511\/revisions\/2517"}],"wp:attachment":[{"href":"https:\/\/www.koblenz-kesselheim.de\/kirmes\/wp-json\/wp\/v2\/media?parent=2511"}],"wp:term":[{"taxonomy":"category","embeddable":true,"href":"https:\/\/www.koblenz-kesselheim.de\/kirmes\/wp-json\/wp\/v2\/categories?post=2511"},{"taxonomy":"post_tag","embeddable":true,"href":"https:\/\/www.koblenz-kesselheim.de\/kirmes\/wp-json\/wp\/v2\/tags?post=2511"}],"curies":[{"name":"wp","href":"https:\/\/api.w.org\/{rel}","templated":true}]}}