{"id":2456,"date":"2023-02-25T12:36:10","date_gmt":"2023-02-25T11:36:10","guid":{"rendered":"https:\/\/www.koblenz-kesselheim.de\/kirmes\/?p=2456"},"modified":"2023-02-25T12:36:10","modified_gmt":"2023-02-25T11:36:10","slug":"mitglieder-ehrungen-2023","status":"publish","type":"post","link":"https:\/\/www.koblenz-kesselheim.de\/kirmes\/news\/mitglieder-ehrungen-2023\/","title":{"rendered":"Mitglieder-Ehrungen 2023"},"content":{"rendered":"<p style=\"text-align: center;\">Auf der Mitgliederversammlung am 29.01.2023 erfolgten<\/p>\n<div style=\"text-align: center;\">\n<p>folgende Ehrungen von Mitgliedern:<\/p>\n<\/div>\n<p style=\"text-align: center;\"><strong>Ehrung f\u00fcr 25j\u00e4hrige Mitgliedschaft:<\/strong><\/p>\n<div style=\"text-align: center;\">\n<p><strong>Silberne Ehrennadel<\/strong><\/p>\n<h5 id=\"AppleMailSignature\">Thomas G\u00f6dert (11.01.1997)<\/h5>\n<h5>Frank Apostel (04.09.1997)<\/h5>\n<h5>Karin Apostel (04.09.1997)<\/h5>\n<h5>Linda Apostel (04.09.1997)<\/h5>\n<h5>J\u00f6rg Billig (06.09.1997)<\/h5>\n<h5>Anny Egeri (24.09.1997)<\/h5>\n<h5>Kari Sch\u00fctz (03.10.1997)<\/h5>\n<h5>Peter Gerolstein (05.10.1997)<\/h5>\n<p style=\"text-align: center;\"><strong>Ehrung f\u00fcr 50j\u00e4hrige Mitgliedschaft:<\/strong><\/p>\n<div>\n<p style=\"text-align: center;\"><strong>Goldene Ehrennadel<\/strong><\/p>\n<\/div>\n<h5>Werner Kreuter (01.01.1972)<\/h5>\n<h5>Marion Hebel (01.01.1972)<\/h5>\n<p>&nbsp;<\/p>\n<\/div>\n","protected":false},"excerpt":{"rendered":"<p>Auf der Mitgliederversammlung am 29.01.2023 erfolgten folgende Ehrungen von Mitgliedern: Ehrung f\u00fcr 25j\u00e4hrige Mitgliedschaft: Silberne Ehrennadel Thomas G\u00f6dert (11.01.1997) Frank Apostel (04.09.1997) Karin Apostel (04.09.1997) Linda Apostel (04.09.1997) J\u00f6rg Billig (06.09.1997) Anny Egeri (24.09.1997) Kari Sch\u00fctz (03.10.1997) Peter Gerolstein (05.10.1997) &hellip; <a href=\"https:\/\/www.koblenz-kesselheim.de\/kirmes\/news\/mitglieder-ehrungen-2023\/\">Weiterlesen <span class=\"meta-nav\">&rarr;<\/span><\/a><\/p>\n","protected":false},"author":6,"featured_media":0,"comment_status":"closed","ping_status":"closed","sticky":false,"template":"","format":"standard","meta":{"footnotes":""},"categories":[67,1],"tags":[],"class_list":["post-2456","post","type-post","status-publish","format-standard","hentry","category-ehrungen","category-news"],"_links":{"self":[{"href":"https:\/\/www.koblenz-kesselheim.de\/kirmes\/wp-json\/wp\/v2\/posts\/2456","targetHints":{"allow":["GET"]}}],"collection":[{"href":"https:\/\/www.koblenz-kesselheim.de\/kirmes\/wp-json\/wp\/v2\/posts"}],"about":[{"href":"https:\/\/www.koblenz-kesselheim.de\/kirmes\/wp-json\/wp\/v2\/types\/post"}],"author":[{"embeddable":true,"href":"https:\/\/www.koblenz-kesselheim.de\/kirmes\/wp-json\/wp\/v2\/users\/6"}],"replies":[{"embeddable":true,"href":"https:\/\/www.koblenz-kesselheim.de\/kirmes\/wp-json\/wp\/v2\/comments?post=2456"}],"version-history":[{"count":1,"href":"https:\/\/www.koblenz-kesselheim.de\/kirmes\/wp-json\/wp\/v2\/posts\/2456\/revisions"}],"predecessor-version":[{"id":2457,"href":"https:\/\/www.koblenz-kesselheim.de\/kirmes\/wp-json\/wp\/v2\/posts\/2456\/revisions\/2457"}],"wp:attachment":[{"href":"https:\/\/www.koblenz-kesselheim.de\/kirmes\/wp-json\/wp\/v2\/media?parent=2456"}],"wp:term":[{"taxonomy":"category","embeddable":true,"href":"https:\/\/www.koblenz-kesselheim.de\/kirmes\/wp-json\/wp\/v2\/categories?post=2456"},{"taxonomy":"post_tag","embeddable":true,"href":"https:\/\/www.koblenz-kesselheim.de\/kirmes\/wp-json\/wp\/v2\/tags?post=2456"}],"curies":[{"name":"wp","href":"https:\/\/api.w.org\/{rel}","templated":true}]}}