{"id":243,"date":"2010-03-03T19:00:51","date_gmt":"2010-03-03T18:00:51","guid":{"rendered":"http:\/\/www.koblenz-kesselheim.de\/kirmes\/?p=243"},"modified":"2014-01-18T18:35:22","modified_gmt":"2014-01-18T17:35:22","slug":"vorstandsmitglieder-der-kg-ab-2007","status":"publish","type":"post","link":"https:\/\/www.koblenz-kesselheim.de\/kirmes\/vorstand\/vorstandsmitglieder-der-kg-ab-2007\/","title":{"rendered":"Vorstandsmitglieder der KG von 2007-2014"},"content":{"rendered":"<p><span style=\"line-height: normal; font-size: small;\"><br \/>\n<\/span><\/p>\n<table dir=\"ltr\" style=\"width: 560px;\" border=\"0\" cellspacing=\"0\" cellpadding=\"0\" align=\"left\">\n<colgroup>\n<col width=\"100\" \/>\n<col span=\"4\" width=\"102\" \/><\/colgroup>\n<tbody>\n<tr>\n<td width=\"100\" height=\"15\"><strong>Jahr<\/strong><\/td>\n<td width=\"102\"><strong>2011<\/strong><\/td>\n<td width=\"102\">\u00a0<strong>2012<\/strong><\/td>\n<td width=\"102\">\u00a0<strong>2013<\/strong><\/td>\n<td width=\"102\">\u00a0<strong>2014<\/strong><\/td>\n<\/tr>\n<tr>\n<td height=\"15\">1. Vorsitzender<\/td>\n<td>Michael Kirstges<\/td>\n<td>Michael Kirstges<\/td>\n<td>Michael Kirstges<\/td>\n<td>Andreas M\u00fcnzel<\/td>\n<\/tr>\n<tr>\n<td height=\"15\">Kirmespr\u00e4sidentin<\/td>\n<td><\/td>\n<td>Andrea M\u00fcnzel<\/td>\n<td><\/td>\n<td>Verena Vogel<\/td>\n<\/tr>\n<tr>\n<td height=\"15\">2. Vorsitzender<\/td>\n<td>Sabrina Naujokat<br \/>\nKramprich<\/td>\n<td>Sabrina Naujokat<br \/>\nKramprich<\/td>\n<td>Sabrina Naujokat<br \/>\nKramprich<\/td>\n<td>Christoph Mohr<\/td>\n<\/tr>\n<tr>\n<td height=\"15\">1. Kassierer<\/td>\n<td>Andreas M\u00fcnzel<\/td>\n<td>Andreas M\u00fcnzel<\/td>\n<td>Andreas M\u00fcnzel<\/td>\n<td align=\"left\">Marc Andr\u00e9 Schuth<\/td>\n<\/tr>\n<tr>\n<td height=\"15\">2. Kassierer<\/td>\n<td style=\"text-align: left;\">Marc Andr\u00e9 Schuth<\/td>\n<td style=\"text-align: left;\">Marc Andr\u00e9 Schuth<\/td>\n<td style=\"text-align: left;\">Marc Andr\u00e9 Schuth<\/td>\n<td>Jonas Gerolstein<\/td>\n<\/tr>\n<tr>\n<td height=\"15\">1. Schriftf\u00fchrer<\/td>\n<td>Andrea M\u00fcnzel<\/td>\n<td>Andrea M\u00fcnzel<\/td>\n<td>Andrea M\u00fcnzel<\/td>\n<td>Andrea M\u00fcnzel<\/td>\n<\/tr>\n<tr>\n<td height=\"15\">2. Schriftf\u00fchrer<\/td>\n<td>Sabrina Perschke<\/td>\n<td>Sabrina Perschke<\/td>\n<td>Sabrina Perschke<\/td>\n<td>Sabrina Perschke<\/td>\n<\/tr>\n<tr>\n<td height=\"15\">Schie\u00dfmeister<\/td>\n<td>Tino Naujokat<\/td>\n<td>Tino Naujokat<\/td>\n<td>Tino Naujokat<\/td>\n<td>Tino Naujokat<\/td>\n<\/tr>\n<tr>\n<td height=\"15\">F\u00e4hnrich<\/td>\n<td>Lars Kreuter<\/td>\n<td>Ren\u00e9 Mohr<\/td>\n<td>Ren\u00e9 Mohr<\/td>\n<td>Ren\u00e9 Mohr<\/td>\n<\/tr>\n<tr>\n<td height=\"15\">Beisitzer<\/td>\n<td>Michael Schmitz<\/td>\n<td>Michael Schmitz<\/td>\n<td>Michael Schmitz<\/td>\n<td>Michael Schmitz<\/td>\n<\/tr>\n<tr>\n<td height=\"15\">Beisitzer<\/td>\n<td>Helmut Wegener<\/td>\n<td>Jonas Gerolstein<\/td>\n<td>Jonas Gerolstein<\/td>\n<td>Sabrina Naujokat-Kramprich<\/td>\n<\/tr>\n<tr>\n<td height=\"15\"><\/td>\n<td><\/td>\n<td><\/td>\n<td><\/td>\n<td><\/td>\n<\/tr>\n<tr>\n<td height=\"15\"><\/td>\n<td><\/td>\n<td><\/td>\n<td><\/td>\n<td><\/td>\n<\/tr>\n<tr>\n<td height=\"15\"><strong>Jahr<\/strong><\/td>\n<td><strong>2007<\/strong><\/td>\n<td><strong>2008<\/strong><\/td>\n<td><strong>2009<\/strong><\/td>\n<td><strong>2010<\/strong><\/td>\n<\/tr>\n<tr>\n<td height=\"15\">1. Vorsitzender<\/td>\n<td>Tobias Hebel<\/td>\n<td>Tobias Hebel<\/td>\n<td>Tobias Hebel<\/td>\n<td>Michael Kirstges<\/td>\n<\/tr>\n<tr>\n<td height=\"15\">Kirmespr\u00e4sident<\/td>\n<td>Rainer Reif<\/td>\n<td><\/td>\n<td><\/td>\n<td><\/td>\n<\/tr>\n<tr>\n<td height=\"15\">2. Vorsitzender<\/td>\n<td>Detlef Z\u00fcchner<\/td>\n<td>Detlef Z\u00fcchner<\/td>\n<td>Detlef Z\u00fcchner<\/td>\n<td>Sabrina Naujokat-Kramprich<\/td>\n<\/tr>\n<tr>\n<td height=\"15\">1. Kassierer<\/td>\n<td>Andreas M\u00fcnzel<\/td>\n<td>Andreas M\u00fcnzel<\/td>\n<td>Andreas M\u00fcnzel<\/td>\n<td>Andreas M\u00fcnzel<\/td>\n<\/tr>\n<tr>\n<td height=\"15\">2. Kassierer<\/td>\n<td>Stefan H\u00fcrter<\/td>\n<td>Stefan H\u00fcrter<\/td>\n<td>Stefan H\u00fcrter<\/td>\n<td>Andr\u00e9 Schuth<\/td>\n<\/tr>\n<tr>\n<td height=\"15\">1. Schriftf\u00fchrer<\/td>\n<td>Johannes Gr\u00fcn<\/td>\n<td>Andrea M\u00fcnzel<\/td>\n<td>Andrea M\u00fcnzel<\/td>\n<td>Andrea M\u00fcnzel<\/td>\n<\/tr>\n<tr>\n<td height=\"15\">2. Schriftf\u00fchrer<\/td>\n<td>Marcel Kohnz<\/td>\n<td>Sabrina Perschke<\/td>\n<td>Sabrina Perschke<\/td>\n<td>Sabrina Perschke<\/td>\n<\/tr>\n<tr>\n<td height=\"15\">Schie\u00dfmeister<\/td>\n<td style=\"text-align: left;\">Tobias Hebel<\/td>\n<td style=\"text-align: left;\">Christian Ladendorf<\/td>\n<td>Christian Ladendorf<\/td>\n<td>Christian Ladendorf<\/td>\n<\/tr>\n<tr>\n<td height=\"15\">F\u00e4hnrich<\/td>\n<td style=\"text-align: left;\">Marc Andr\u00e9 Schuth<\/td>\n<td style=\"text-align: left;\">Marc Andr\u00e9 Schuth<\/td>\n<td>Dennis Minnaert<\/td>\n<td>Ren\u00e9 Mohr<\/td>\n<\/tr>\n<tr>\n<td height=\"15\">Beisitzer<\/td>\n<td><\/td>\n<td>Rainer Reif<\/td>\n<td>Rainer Reif<\/td>\n<td>Michael Schmitz<\/td>\n<\/tr>\n<tr>\n<td height=\"15\">Beisitzer<\/td>\n<td><\/td>\n<td>Christian Ladendorf<\/td>\n<td style=\"text-align: left;\">Marc Andr\u00e9 Schuth<\/td>\n<td>Helmut Wegener<\/td>\n<\/tr>\n<\/tbody>\n<\/table>\n","protected":false},"excerpt":{"rendered":"<p>Jahr 2011 \u00a02012 \u00a02013 \u00a02014 1. Vorsitzender Michael Kirstges Michael Kirstges Michael Kirstges Andreas M\u00fcnzel Kirmespr\u00e4sidentin Andrea M\u00fcnzel Verena Vogel 2. Vorsitzender Sabrina Naujokat Kramprich Sabrina Naujokat Kramprich Sabrina Naujokat Kramprich Christoph Mohr 1. Kassierer Andreas M\u00fcnzel Andreas M\u00fcnzel Andreas &hellip; <a href=\"https:\/\/www.koblenz-kesselheim.de\/kirmes\/vorstand\/vorstandsmitglieder-der-kg-ab-2007\/\">Weiterlesen <span class=\"meta-nav\">&rarr;<\/span><\/a><\/p>\n","protected":false},"author":5,"featured_media":0,"comment_status":"closed","ping_status":"open","sticky":false,"template":"","format":"standard","meta":{"footnotes":""},"categories":[6],"tags":[25,76],"class_list":["post-243","post","type-post","status-publish","format-standard","hentry","category-vorstand","tag-mitglieder","tag-vorstand"],"_links":{"self":[{"href":"https:\/\/www.koblenz-kesselheim.de\/kirmes\/wp-json\/wp\/v2\/posts\/243","targetHints":{"allow":["GET"]}}],"collection":[{"href":"https:\/\/www.koblenz-kesselheim.de\/kirmes\/wp-json\/wp\/v2\/posts"}],"about":[{"href":"https:\/\/www.koblenz-kesselheim.de\/kirmes\/wp-json\/wp\/v2\/types\/post"}],"author":[{"embeddable":true,"href":"https:\/\/www.koblenz-kesselheim.de\/kirmes\/wp-json\/wp\/v2\/users\/5"}],"replies":[{"embeddable":true,"href":"https:\/\/www.koblenz-kesselheim.de\/kirmes\/wp-json\/wp\/v2\/comments?post=243"}],"version-history":[{"count":31,"href":"https:\/\/www.koblenz-kesselheim.de\/kirmes\/wp-json\/wp\/v2\/posts\/243\/revisions"}],"predecessor-version":[{"id":1398,"href":"https:\/\/www.koblenz-kesselheim.de\/kirmes\/wp-json\/wp\/v2\/posts\/243\/revisions\/1398"}],"wp:attachment":[{"href":"https:\/\/www.koblenz-kesselheim.de\/kirmes\/wp-json\/wp\/v2\/media?parent=243"}],"wp:term":[{"taxonomy":"category","embeddable":true,"href":"https:\/\/www.koblenz-kesselheim.de\/kirmes\/wp-json\/wp\/v2\/categories?post=243"},{"taxonomy":"post_tag","embeddable":true,"href":"https:\/\/www.koblenz-kesselheim.de\/kirmes\/wp-json\/wp\/v2\/tags?post=243"}],"curies":[{"name":"wp","href":"https:\/\/api.w.org\/{rel}","templated":true}]}}