{"id":2345,"date":"2022-01-18T11:32:17","date_gmt":"2022-01-18T10:32:17","guid":{"rendered":"https:\/\/www.koblenz-kesselheim.de\/kirmes\/?p=2345"},"modified":"2022-01-18T11:32:17","modified_gmt":"2022-01-18T10:32:17","slug":"mitglieder-ehrungen-2022","status":"publish","type":"post","link":"https:\/\/www.koblenz-kesselheim.de\/kirmes\/ehrungen\/mitglieder-ehrungen-2022\/","title":{"rendered":"Mitglieder-Ehrungen 2022"},"content":{"rendered":"<p style=\"text-align: left;\">Auf der Mitgliederversammlung am 07.01.2022 erfolgten<\/p>\n<div style=\"text-align: left;\">\n<p>folgende Ehrungen von Mitgliedern:<\/p>\n<\/div>\n<p style=\"text-align: left;\"><strong>Ehrung f\u00fcr 25j\u00e4hrige Mitgliedschaft:<\/strong><\/p>\n<div style=\"text-align: left;\">\n<p><strong>Silberne Ehrennadel<\/strong><\/p>\n<div id=\"AppleMailSignature\">\n<div>Andreas M\u00fcnzel 25.01.96<\/div>\n<div>Gisbert Lux 03.06.96<\/div>\n<div>Albert Reif 24.09.96<\/div>\n<div>Ralph Weiland 31.10.96<\/div>\n<div>Michael Stolz 31.12.96<\/div>\n<\/div>\n<\/div>\n<p style=\"text-align: left;\"><strong><br \/>\nEhrung f\u00fcr 50j\u00e4hrige Mitgliedschaft:<\/strong><\/p>\n<div>\n<p style=\"text-align: left;\"><strong>Goldene Ehrennadel<\/strong><\/p>\n<div id=\"AppleMailSignature\" style=\"text-align: left;\">\n<div>Rudi Hebel 01.01.70<\/div>\n<div>Berthold Gille 01.01.70<\/div>\n<div>Birgit Gille 01.01.70<\/div>\n<div>Dirk M\u00fcnnich 01.01.70<\/div>\n<div>Klaus Scherer 01.01.70<\/div>\n<div>Alfred H\u00fcrter 01.01.71<\/div>\n<div>Friedhelm Mehlbreuer 01.01.71<\/div>\n<div>Bernd M\u00fcnnich 01.01.71<\/div>\n<\/div>\n<\/div>\n<p style=\"text-align: center;\">&nbsp;<\/p>\n","protected":false},"excerpt":{"rendered":"<p>Auf der Mitgliederversammlung am 07.01.2022 erfolgten folgende Ehrungen von Mitgliedern: Ehrung f\u00fcr 25j\u00e4hrige Mitgliedschaft: Silberne Ehrennadel Andreas M\u00fcnzel 25.01.96 Gisbert Lux 03.06.96 Albert Reif 24.09.96 Ralph Weiland 31.10.96 Michael Stolz 31.12.96 Ehrung f\u00fcr 50j\u00e4hrige Mitgliedschaft: Goldene Ehrennadel Rudi Hebel 01.01.70 &hellip; <a href=\"https:\/\/www.koblenz-kesselheim.de\/kirmes\/ehrungen\/mitglieder-ehrungen-2022\/\">Weiterlesen <span class=\"meta-nav\">&rarr;<\/span><\/a><\/p>\n","protected":false},"author":6,"featured_media":0,"comment_status":"closed","ping_status":"closed","sticky":false,"template":"","format":"standard","meta":{"footnotes":""},"categories":[67],"tags":[],"class_list":["post-2345","post","type-post","status-publish","format-standard","hentry","category-ehrungen"],"_links":{"self":[{"href":"https:\/\/www.koblenz-kesselheim.de\/kirmes\/wp-json\/wp\/v2\/posts\/2345","targetHints":{"allow":["GET"]}}],"collection":[{"href":"https:\/\/www.koblenz-kesselheim.de\/kirmes\/wp-json\/wp\/v2\/posts"}],"about":[{"href":"https:\/\/www.koblenz-kesselheim.de\/kirmes\/wp-json\/wp\/v2\/types\/post"}],"author":[{"embeddable":true,"href":"https:\/\/www.koblenz-kesselheim.de\/kirmes\/wp-json\/wp\/v2\/users\/6"}],"replies":[{"embeddable":true,"href":"https:\/\/www.koblenz-kesselheim.de\/kirmes\/wp-json\/wp\/v2\/comments?post=2345"}],"version-history":[{"count":1,"href":"https:\/\/www.koblenz-kesselheim.de\/kirmes\/wp-json\/wp\/v2\/posts\/2345\/revisions"}],"predecessor-version":[{"id":2346,"href":"https:\/\/www.koblenz-kesselheim.de\/kirmes\/wp-json\/wp\/v2\/posts\/2345\/revisions\/2346"}],"wp:attachment":[{"href":"https:\/\/www.koblenz-kesselheim.de\/kirmes\/wp-json\/wp\/v2\/media?parent=2345"}],"wp:term":[{"taxonomy":"category","embeddable":true,"href":"https:\/\/www.koblenz-kesselheim.de\/kirmes\/wp-json\/wp\/v2\/categories?post=2345"},{"taxonomy":"post_tag","embeddable":true,"href":"https:\/\/www.koblenz-kesselheim.de\/kirmes\/wp-json\/wp\/v2\/tags?post=2345"}],"curies":[{"name":"wp","href":"https:\/\/api.w.org\/{rel}","templated":true}]}}