{"id":2247,"date":"2019-02-25T18:10:37","date_gmt":"2019-02-25T17:10:37","guid":{"rendered":"https:\/\/www.koblenz-kesselheim.de\/kirmes\/?p=2247"},"modified":"2019-02-25T19:20:19","modified_gmt":"2019-02-25T18:20:19","slug":"mitglieder-ehrungen-2019","status":"publish","type":"post","link":"https:\/\/www.koblenz-kesselheim.de\/kirmes\/ehrungen\/mitglieder-ehrungen-2019\/","title":{"rendered":"Mitglieder-Ehrungen 2019"},"content":{"rendered":"<p style=\"text-align: left;\">Auf der Mitgliederversammlung am 25.01.2019 erfolgten<\/p>\n<div style=\"text-align: left;\">\n<p>folgende Ehrungen von Mitgliedern:<\/p>\n<\/div>\n<p style=\"text-align: left;\"><strong>Ehrung f\u00fcr 25j\u00e4hrige Mitgliedschaft:<\/strong><\/p>\n<div style=\"text-align: left;\">\n<p><strong>Silberne Ehrennadel<\/strong><\/p>\n<div id=\"AppleMailSignature\">Petra Reif<\/div>\n<div>Detlef Weber<\/div>\n<\/div>\n<p style=\"text-align: left;\"><strong><br \/>\nEhrung f\u00fcr 50j\u00e4hrige Mitgliedschaft:<\/strong><\/p>\n<div>\n<p style=\"text-align: left;\"><strong>Goldene Ehrennadel<\/strong><\/p>\n<div id=\"AppleMailSignature\" style=\"text-align: left;\">Dieter Mohr<\/div>\n<\/div>\n<p style=\"text-align: center;\">&nbsp;<\/p>\n","protected":false},"excerpt":{"rendered":"<p>Auf der Mitgliederversammlung am 25.01.2019 erfolgten folgende Ehrungen von Mitgliedern: Ehrung f\u00fcr 25j\u00e4hrige Mitgliedschaft: Silberne Ehrennadel Petra Reif Detlef Weber Ehrung f\u00fcr 50j\u00e4hrige Mitgliedschaft: Goldene Ehrennadel Dieter Mohr &nbsp;<\/p>\n","protected":false},"author":6,"featured_media":0,"comment_status":"closed","ping_status":"closed","sticky":false,"template":"","format":"standard","meta":{"footnotes":""},"categories":[67],"tags":[],"class_list":["post-2247","post","type-post","status-publish","format-standard","hentry","category-ehrungen"],"_links":{"self":[{"href":"https:\/\/www.koblenz-kesselheim.de\/kirmes\/wp-json\/wp\/v2\/posts\/2247","targetHints":{"allow":["GET"]}}],"collection":[{"href":"https:\/\/www.koblenz-kesselheim.de\/kirmes\/wp-json\/wp\/v2\/posts"}],"about":[{"href":"https:\/\/www.koblenz-kesselheim.de\/kirmes\/wp-json\/wp\/v2\/types\/post"}],"author":[{"embeddable":true,"href":"https:\/\/www.koblenz-kesselheim.de\/kirmes\/wp-json\/wp\/v2\/users\/6"}],"replies":[{"embeddable":true,"href":"https:\/\/www.koblenz-kesselheim.de\/kirmes\/wp-json\/wp\/v2\/comments?post=2247"}],"version-history":[{"count":2,"href":"https:\/\/www.koblenz-kesselheim.de\/kirmes\/wp-json\/wp\/v2\/posts\/2247\/revisions"}],"predecessor-version":[{"id":2259,"href":"https:\/\/www.koblenz-kesselheim.de\/kirmes\/wp-json\/wp\/v2\/posts\/2247\/revisions\/2259"}],"wp:attachment":[{"href":"https:\/\/www.koblenz-kesselheim.de\/kirmes\/wp-json\/wp\/v2\/media?parent=2247"}],"wp:term":[{"taxonomy":"category","embeddable":true,"href":"https:\/\/www.koblenz-kesselheim.de\/kirmes\/wp-json\/wp\/v2\/categories?post=2247"},{"taxonomy":"post_tag","embeddable":true,"href":"https:\/\/www.koblenz-kesselheim.de\/kirmes\/wp-json\/wp\/v2\/tags?post=2247"}],"curies":[{"name":"wp","href":"https:\/\/api.w.org\/{rel}","templated":true}]}}