{"id":2242,"date":"2019-02-25T18:07:25","date_gmt":"2019-02-25T17:07:25","guid":{"rendered":"https:\/\/www.koblenz-kesselheim.de\/kirmes\/?p=2242"},"modified":"2019-02-25T18:09:25","modified_gmt":"2019-02-25T17:09:25","slug":"mitglieder-ehrungen-2018","status":"publish","type":"post","link":"https:\/\/www.koblenz-kesselheim.de\/kirmes\/ehrungen\/mitglieder-ehrungen-2018\/","title":{"rendered":"Mitglieder-Ehrungen 2018"},"content":{"rendered":"<p style=\"text-align: left;\">Auf der Mitgliederversammlung 19.01.2018 erfolgten<\/p>\n<div style=\"text-align: left;\">\n<p>folgende Ehrungen von Mitgliedern:<\/p>\n<\/div>\n<p style=\"text-align: left;\"><strong>Ehrung f\u00fcr 25j\u00e4hrige Mitgliedschaft:<\/strong><\/p>\n<div style=\"text-align: left;\">\n<p><strong>Silberne Ehrennadel<\/strong><\/p>\n<div id=\"AppleMailSignature\">Thorsten Zepp<\/div>\n<div>Stefan Ohlig<\/div>\n<div>Sascha Reuscher<\/div>\n<div>Michael Schirra<\/div>\n<\/div>\n<p style=\"text-align: left;\"><strong><br \/>\nEhrung f\u00fcr 50j\u00e4hrige Mitgliedschaft:<\/strong><\/p>\n<div>\n<p style=\"text-align: left;\"><strong>Goldene Ehrennadel<\/strong><\/p>\n<div id=\"AppleMailSignature\" style=\"text-align: left;\">Hans-Peter Mendyka<\/div>\n<\/div>\n","protected":false},"excerpt":{"rendered":"<p>Auf der Mitgliederversammlung 19.01.2018 erfolgten folgende Ehrungen von Mitgliedern: Ehrung f\u00fcr 25j\u00e4hrige Mitgliedschaft: Silberne Ehrennadel Thorsten Zepp Stefan Ohlig Sascha Reuscher Michael Schirra Ehrung f\u00fcr 50j\u00e4hrige Mitgliedschaft: Goldene Ehrennadel Hans-Peter Mendyka<\/p>\n","protected":false},"author":6,"featured_media":0,"comment_status":"closed","ping_status":"closed","sticky":false,"template":"","format":"standard","meta":{"footnotes":""},"categories":[67],"tags":[],"class_list":["post-2242","post","type-post","status-publish","format-standard","hentry","category-ehrungen"],"_links":{"self":[{"href":"https:\/\/www.koblenz-kesselheim.de\/kirmes\/wp-json\/wp\/v2\/posts\/2242","targetHints":{"allow":["GET"]}}],"collection":[{"href":"https:\/\/www.koblenz-kesselheim.de\/kirmes\/wp-json\/wp\/v2\/posts"}],"about":[{"href":"https:\/\/www.koblenz-kesselheim.de\/kirmes\/wp-json\/wp\/v2\/types\/post"}],"author":[{"embeddable":true,"href":"https:\/\/www.koblenz-kesselheim.de\/kirmes\/wp-json\/wp\/v2\/users\/6"}],"replies":[{"embeddable":true,"href":"https:\/\/www.koblenz-kesselheim.de\/kirmes\/wp-json\/wp\/v2\/comments?post=2242"}],"version-history":[{"count":3,"href":"https:\/\/www.koblenz-kesselheim.de\/kirmes\/wp-json\/wp\/v2\/posts\/2242\/revisions"}],"predecessor-version":[{"id":2245,"href":"https:\/\/www.koblenz-kesselheim.de\/kirmes\/wp-json\/wp\/v2\/posts\/2242\/revisions\/2245"}],"wp:attachment":[{"href":"https:\/\/www.koblenz-kesselheim.de\/kirmes\/wp-json\/wp\/v2\/media?parent=2242"}],"wp:term":[{"taxonomy":"category","embeddable":true,"href":"https:\/\/www.koblenz-kesselheim.de\/kirmes\/wp-json\/wp\/v2\/categories?post=2242"},{"taxonomy":"post_tag","embeddable":true,"href":"https:\/\/www.koblenz-kesselheim.de\/kirmes\/wp-json\/wp\/v2\/tags?post=2242"}],"curies":[{"name":"wp","href":"https:\/\/api.w.org\/{rel}","templated":true}]}}