{"id":2145,"date":"2017-02-03T16:14:08","date_gmt":"2017-02-03T15:14:08","guid":{"rendered":"http:\/\/www.koblenz-kesselheim.de\/kirmes\/?p=2145"},"modified":"2017-02-03T16:15:43","modified_gmt":"2017-02-03T15:15:43","slug":"mitglieder-ehrungen-2017","status":"publish","type":"post","link":"https:\/\/www.koblenz-kesselheim.de\/kirmes\/ehrungen\/mitglieder-ehrungen-2017\/","title":{"rendered":"Mitglieder-Ehrungen 2017"},"content":{"rendered":"<p>Auf der Mitgliederversammlung am 02.02.2017 erfolgten<\/p>\n<div>\n<p>folgende Ehrungen von Mitgliedern:<\/p>\n<\/div>\n<p><strong>Ehrung f\u00fcr 25j\u00e4hrige Mitgliedschaft:<\/strong><\/p>\n<div>\n<p><strong>Silberne Ehrennadel<\/strong><\/p>\n<div id=\"AppleMailSignature\">Helmut Sch\u00fcller &nbsp; &nbsp;01.01.1991&nbsp;<\/div>\n<div id=\"AppleMailSignature\">Manfred T\u00f6nnes &nbsp; &nbsp;01.03.1991&nbsp;<\/div>\n<div id=\"AppleMailSignature\">Bj\u00f6rn Dielmann &nbsp; &nbsp; 21.03.1991 &nbsp;<\/div>\n<div id=\"AppleMailSignature\">Thomas Rechner &nbsp; 01.03.1991 &nbsp;&nbsp;<\/div>\n<div id=\"AppleMailSignature\">Andreas Vulicevic &nbsp;01.04.1991 &nbsp;&nbsp;<\/div>\n<div id=\"AppleMailSignature\">Ellen Schuster &nbsp; &nbsp; &nbsp; 17.06.1991&nbsp;<\/div>\n<\/div>\n<p><strong>Ehrung f\u00fcr 50j\u00e4hrige Mitgliedschaft:<\/strong><\/p>\n<div>\n<p><strong>Goldene Ehrennadel<\/strong><\/p>\n<div id=\"AppleMailSignature\">Herbert Schuth 01.01.1966<\/div>\n<div id=\"AppleMailSignature\">Otto Galla &nbsp; &nbsp; &nbsp; &nbsp; 01.01.1966&nbsp;<\/div>\n<div id=\"AppleMailSignature\">Ottilie Erben &nbsp; &nbsp; 01.01.1966&nbsp;<\/div>\n<div id=\"AppleMailSignature\">Dieter Theus &nbsp; &nbsp; 01.01.1966&nbsp;<\/div>\n<\/div>\n","protected":false},"excerpt":{"rendered":"<p>Auf der Mitgliederversammlung am 02.02.2017 erfolgten folgende Ehrungen von Mitgliedern: Ehrung f\u00fcr 25j\u00e4hrige Mitgliedschaft: Silberne Ehrennadel Helmut Sch\u00fcller &nbsp; &nbsp;01.01.1991&nbsp; Manfred T\u00f6nnes &nbsp; &nbsp;01.03.1991&nbsp; Bj\u00f6rn Dielmann &nbsp; &nbsp; 21.03.1991 &nbsp; Thomas Rechner &nbsp; 01.03.1991 &nbsp;&nbsp; Andreas Vulicevic &nbsp;01.04.1991 &nbsp;&nbsp; Ellen &hellip; <a href=\"https:\/\/www.koblenz-kesselheim.de\/kirmes\/ehrungen\/mitglieder-ehrungen-2017\/\">Weiterlesen <span class=\"meta-nav\">&rarr;<\/span><\/a><\/p>\n","protected":false},"author":6,"featured_media":0,"comment_status":"closed","ping_status":"closed","sticky":false,"template":"","format":"standard","meta":{"footnotes":""},"categories":[67],"tags":[],"class_list":["post-2145","post","type-post","status-publish","format-standard","hentry","category-ehrungen"],"_links":{"self":[{"href":"https:\/\/www.koblenz-kesselheim.de\/kirmes\/wp-json\/wp\/v2\/posts\/2145","targetHints":{"allow":["GET"]}}],"collection":[{"href":"https:\/\/www.koblenz-kesselheim.de\/kirmes\/wp-json\/wp\/v2\/posts"}],"about":[{"href":"https:\/\/www.koblenz-kesselheim.de\/kirmes\/wp-json\/wp\/v2\/types\/post"}],"author":[{"embeddable":true,"href":"https:\/\/www.koblenz-kesselheim.de\/kirmes\/wp-json\/wp\/v2\/users\/6"}],"replies":[{"embeddable":true,"href":"https:\/\/www.koblenz-kesselheim.de\/kirmes\/wp-json\/wp\/v2\/comments?post=2145"}],"version-history":[{"count":3,"href":"https:\/\/www.koblenz-kesselheim.de\/kirmes\/wp-json\/wp\/v2\/posts\/2145\/revisions"}],"predecessor-version":[{"id":2148,"href":"https:\/\/www.koblenz-kesselheim.de\/kirmes\/wp-json\/wp\/v2\/posts\/2145\/revisions\/2148"}],"wp:attachment":[{"href":"https:\/\/www.koblenz-kesselheim.de\/kirmes\/wp-json\/wp\/v2\/media?parent=2145"}],"wp:term":[{"taxonomy":"category","embeddable":true,"href":"https:\/\/www.koblenz-kesselheim.de\/kirmes\/wp-json\/wp\/v2\/categories?post=2145"},{"taxonomy":"post_tag","embeddable":true,"href":"https:\/\/www.koblenz-kesselheim.de\/kirmes\/wp-json\/wp\/v2\/tags?post=2145"}],"curies":[{"name":"wp","href":"https:\/\/api.w.org\/{rel}","templated":true}]}}