{"id":189,"date":"2010-02-28T17:54:59","date_gmt":"2010-02-28T16:54:59","guid":{"rendered":"http:\/\/www.koblenz-kesselheim.de\/kirmes\/?p=189"},"modified":"2010-04-09T18:46:36","modified_gmt":"2010-04-09T17:46:36","slug":"vorstandsmitglieder-der-kg-von-1948-1966","status":"publish","type":"post","link":"https:\/\/www.koblenz-kesselheim.de\/kirmes\/vorstand\/vorstandsmitglieder-der-kg-von-1948-1966\/","title":{"rendered":"Vorstandsmitglieder der KG von 1948-1966"},"content":{"rendered":"<table border=\"0\" cellspacing=\"0\" cellpadding=\"0\">\n<tbody>\n<tr>\n<td width=\"44\"><strong>Jahr<\/strong><\/td>\n<td width=\"200\"><strong>1.   Vorsitzender<\/p>\n<p><\/strong><\/td>\n<td width=\"180\"><strong>1. Kassierer <\/strong><\/td>\n<td width=\"200\"><strong>1.   Schriftf\u00fchrer <\/strong><\/td>\n<\/tr>\n<tr>\n<td width=\"44\"><strong>1948<\/strong><\/td>\n<td width=\"200\">Willi Reif<\/td>\n<td width=\"180\">Hans M\u00fcnzel<\/td>\n<td width=\"200\">Willi Sch\u00e4fer<\/td>\n<\/tr>\n<tr>\n<td width=\"44\"><strong>1949<\/strong><\/td>\n<td width=\"200\">G\u00fcnther   Kreuter<\/td>\n<td width=\"180\">Hans M\u00fcnzel<\/td>\n<td width=\"200\">Willi Sch\u00e4fer<\/td>\n<\/tr>\n<tr>\n<td width=\"44\"><strong>1950<\/strong><\/td>\n<td width=\"200\">Herbert Herres<\/td>\n<td width=\"180\">Eduard G\u00fcls<\/td>\n<td width=\"200\">Werner Hug<\/td>\n<\/tr>\n<tr>\n<td width=\"44\"><strong>1951<\/strong><\/td>\n<td width=\"200\">Werner Hug<\/td>\n<td width=\"180\">Alfred M\u00fcnzel<\/td>\n<td width=\"200\">Josef Merz<\/td>\n<\/tr>\n<tr>\n<td width=\"44\"><strong>1952<\/strong><\/td>\n<td width=\"200\">Jean M\u00fcnzel<\/td>\n<td width=\"180\">Josef Merz<\/td>\n<td width=\"200\">Anton Reif<\/td>\n<\/tr>\n<tr>\n<td width=\"44\"><strong>1953<\/strong><\/td>\n<td width=\"200\">Eduard G\u00fcls<\/td>\n<td width=\"180\">Hans-Werner   Zepp<\/td>\n<td width=\"200\">Werner Kreuter<\/td>\n<\/tr>\n<tr>\n<td width=\"44\"><strong>1954<\/strong><\/td>\n<td width=\"200\">Hans-Werner   Zepp<\/td>\n<td width=\"180\">Josef Baumann<\/td>\n<td width=\"200\">Klaus Bauer<\/td>\n<\/tr>\n<tr>\n<td width=\"44\"><strong>1955<\/strong><\/td>\n<td width=\"200\">Josef M\u00fcnzel<\/td>\n<td width=\"180\">Josef Baumann<\/td>\n<td width=\"200\">Klaus Bauer<\/td>\n<\/tr>\n<tr>\n<td width=\"44\"><strong>1956<\/strong><\/td>\n<td width=\"200\">Helmut Pauly<\/td>\n<td width=\"180\">Willi Kreuter<\/td>\n<td width=\"200\">Franz-Josef   Kaufung<\/td>\n<\/tr>\n<tr>\n<td width=\"44\"><strong>1957<\/strong><\/td>\n<td width=\"200\">Willi Kessler<\/td>\n<td width=\"180\">Werner   Naunheim<\/td>\n<td width=\"200\">Helmut Pauly<\/td>\n<\/tr>\n<tr>\n<td width=\"44\"><strong>1958<\/strong><\/td>\n<td width=\"200\">Werner   Naunheim<\/td>\n<td width=\"180\">Franz-Josef   H\u00f6fer<\/td>\n<td width=\"200\">Hans-Klaus   Daumen<\/td>\n<\/tr>\n<tr>\n<td width=\"44\"><strong>1959<\/strong><\/td>\n<td width=\"200\">Franz-Josef   H\u00f6fer<\/td>\n<td width=\"180\">Hans-Klaus   Daumen<\/td>\n<td width=\"200\">G\u00fcnter Arens<\/td>\n<\/tr>\n<tr>\n<td width=\"44\"><strong>1960<\/strong><\/td>\n<td width=\"200\">Richard   Raffauf<\/td>\n<td width=\"180\">Hans-Klaus   Daumen<\/td>\n<td width=\"200\">G\u00fcnter Arens<\/td>\n<\/tr>\n<tr>\n<td width=\"44\"><strong>1961<\/strong><\/td>\n<td width=\"200\">Hans H\u00f6fer<\/td>\n<td width=\"180\">Hans-Klaus   Daumen<\/td>\n<td width=\"200\">Dieter Schuth<\/td>\n<\/tr>\n<tr>\n<td width=\"44\"><strong>1962<\/strong><\/td>\n<td width=\"200\">Wolfgang   Zimmermann<\/td>\n<td width=\"180\">Dieter Schuth<\/td>\n<td width=\"200\">Hermann H\u00f6fer<\/td>\n<\/tr>\n<tr>\n<td width=\"44\"><strong>1963<\/strong><\/td>\n<td width=\"200\">Willi Naunheim<\/td>\n<td width=\"180\">Hermann H\u00f6fer<\/td>\n<td width=\"200\">Hans Naunheim<\/td>\n<\/tr>\n<tr>\n<td width=\"44\"><strong>1964<\/strong><\/td>\n<td width=\"200\">Hermann H\u00f6fer<\/td>\n<td width=\"180\">Hans Naunheim<\/td>\n<td width=\"200\">Karl-Josef   Hummes<\/td>\n<\/tr>\n<tr>\n<td width=\"44\"><strong>1965<\/strong><\/td>\n<td width=\"200\">Werner Ohlig<\/td>\n<td width=\"180\">Herbert   Oberhardt<\/td>\n<td width=\"200\">G\u00fcnter Schuth<\/td>\n<\/tr>\n<tr>\n<td width=\"44\"><strong>1966<\/strong><\/td>\n<td width=\"200\">Werner Ohlig<\/td>\n<td width=\"180\">Wolfgang   Zimmer<\/td>\n<td width=\"200\">Friedhelm   Ernerth<\/td>\n<\/tr>\n<\/tbody>\n<\/table>\n","protected":false},"excerpt":{"rendered":"<p>Jahr 1. Vorsitzender 1. Kassierer 1. Schriftf\u00fchrer 1948 Willi Reif Hans M\u00fcnzel Willi Sch\u00e4fer 1949 G\u00fcnther Kreuter Hans M\u00fcnzel Willi Sch\u00e4fer 1950 Herbert Herres Eduard G\u00fcls Werner Hug 1951 Werner Hug Alfred M\u00fcnzel Josef Merz 1952 Jean M\u00fcnzel Josef Merz &hellip; <a href=\"https:\/\/www.koblenz-kesselheim.de\/kirmes\/vorstand\/vorstandsmitglieder-der-kg-von-1948-1966\/\">Weiterlesen <span class=\"meta-nav\">&rarr;<\/span><\/a><\/p>\n","protected":false},"author":5,"featured_media":0,"comment_status":"closed","ping_status":"open","sticky":false,"template":"","format":"standard","meta":{"footnotes":""},"categories":[6],"tags":[25,76],"class_list":["post-189","post","type-post","status-publish","format-standard","hentry","category-vorstand","tag-mitglieder","tag-vorstand"],"_links":{"self":[{"href":"https:\/\/www.koblenz-kesselheim.de\/kirmes\/wp-json\/wp\/v2\/posts\/189","targetHints":{"allow":["GET"]}}],"collection":[{"href":"https:\/\/www.koblenz-kesselheim.de\/kirmes\/wp-json\/wp\/v2\/posts"}],"about":[{"href":"https:\/\/www.koblenz-kesselheim.de\/kirmes\/wp-json\/wp\/v2\/types\/post"}],"author":[{"embeddable":true,"href":"https:\/\/www.koblenz-kesselheim.de\/kirmes\/wp-json\/wp\/v2\/users\/5"}],"replies":[{"embeddable":true,"href":"https:\/\/www.koblenz-kesselheim.de\/kirmes\/wp-json\/wp\/v2\/comments?post=189"}],"version-history":[{"count":3,"href":"https:\/\/www.koblenz-kesselheim.de\/kirmes\/wp-json\/wp\/v2\/posts\/189\/revisions"}],"predecessor-version":[{"id":986,"href":"https:\/\/www.koblenz-kesselheim.de\/kirmes\/wp-json\/wp\/v2\/posts\/189\/revisions\/986"}],"wp:attachment":[{"href":"https:\/\/www.koblenz-kesselheim.de\/kirmes\/wp-json\/wp\/v2\/media?parent=189"}],"wp:term":[{"taxonomy":"category","embeddable":true,"href":"https:\/\/www.koblenz-kesselheim.de\/kirmes\/wp-json\/wp\/v2\/categories?post=189"},{"taxonomy":"post_tag","embeddable":true,"href":"https:\/\/www.koblenz-kesselheim.de\/kirmes\/wp-json\/wp\/v2\/tags?post=189"}],"curies":[{"name":"wp","href":"https:\/\/api.w.org\/{rel}","templated":true}]}}