{"id":1709,"date":"2015-02-09T13:13:54","date_gmt":"2015-02-09T12:13:54","guid":{"rendered":"http:\/\/www.koblenz-kesselheim.de\/kirmes\/?p=1709"},"modified":"2019-02-25T18:15:36","modified_gmt":"2019-02-25T17:15:36","slug":"vorstandsmitglieder-der-kg-von-2015","status":"publish","type":"post","link":"https:\/\/www.koblenz-kesselheim.de\/kirmes\/vorstand\/vorstandsmitglieder-der-kg-von-2015\/","title":{"rendered":"Vorstandsmitglieder der KG von 2015 &#8211; 2018"},"content":{"rendered":"<p>&nbsp;<\/p>\n<table dir=\"ltr\" style=\"width: 588px; height: 451px;\" border=\"0\" cellspacing=\"0\" cellpadding=\"0\" align=\"left\">\n<colgroup>\n<col width=\"100\">\n<col span=\"4\" width=\"102\"><\/colgroup>\n<tbody>\n<tr>\n<td width=\"100\" height=\"15\"><strong>Jahr<\/strong><\/td>\n<td width=\"102\"><b>2015<\/b><\/td>\n<td width=\"102\"><strong>&nbsp;2016<\/strong><\/td>\n<td width=\"102\"><strong>&nbsp;2017<\/strong><\/td>\n<td width=\"102\"><strong>2018<\/strong><\/td>\n<\/tr>\n<tr>\n<td height=\"15\">1. Vorsitzender<\/td>\n<td>Andreas&nbsp;M\u00fcnzel<\/td>\n<td>Andreas M\u00fcnzel<\/td>\n<td>Andreas M\u00fcnzel<\/td>\n<td>Andreas M\u00fcnzel<\/td>\n<\/tr>\n<tr>\n<td height=\"15\">Kirmespr\u00e4sident<\/td>\n<td>Lars Kreuter<\/td>\n<td>&nbsp;<\/td>\n<td>&nbsp;<\/td>\n<td>&nbsp;<\/td>\n<\/tr>\n<tr>\n<td height=\"15\">2. Vorsitzender<\/td>\n<td>Christoph Mohr<\/td>\n<td>Christoph Mohr<\/td>\n<td>Christoph Mohr<\/td>\n<td>Christoph Mohr<\/td>\n<\/tr>\n<tr>\n<td height=\"15\">1. Kassierer<\/td>\n<td>Marc Andr\u00e9 Schuth<\/td>\n<td>Marc Andr\u00e9 Schuth<\/td>\n<td>Marc Andr\u00e9 Schuth<\/td>\n<td align=\"left\">Marc Andr\u00e9 Schuth<\/td>\n<\/tr>\n<tr>\n<td height=\"15\">2. Kassierer<\/td>\n<td style=\"text-align: left;\">Marco Raffauf<\/td>\n<td style=\"text-align: left;\">Marco Raffauf<\/td>\n<td style=\"text-align: left;\">Marco Raffauf<\/td>\n<td>Marco Raffauf<\/td>\n<\/tr>\n<tr>\n<td height=\"15\">1. Schriftf\u00fchrer<\/td>\n<td>Andrea M\u00fcnzel<\/td>\n<td>Andrea M\u00fcnzel<\/td>\n<td>Andrea M\u00fcnzel<\/td>\n<td>Andrea M\u00fcnzel<\/td>\n<\/tr>\n<tr>\n<td height=\"15\">2. Schriftf\u00fchrer<\/td>\n<td>Sabrina Perschke<\/td>\n<td>Sabrina Perschke<\/td>\n<td>Sabrina Perschke<\/td>\n<td>Sabrina Perschke<\/td>\n<\/tr>\n<tr>\n<td height=\"15\">Schie\u00dfmeister<\/td>\n<td>Tino Naujokat<\/td>\n<td>Marvin Mohr<\/td>\n<td>Marvin Mohr<\/td>\n<td>&nbsp;<\/td>\n<\/tr>\n<tr>\n<td height=\"15\">F\u00e4hnrich<\/td>\n<td>Pascal Klein<\/td>\n<td>Pascal Klein<\/td>\n<td>Pascal Klein<\/td>\n<td>Felix Perner<\/td>\n<\/tr>\n<tr>\n<td height=\"15\">Beisitzer<\/td>\n<td>Lina Sch\u00fctz<\/td>\n<td>Lina Sch\u00fctz<\/td>\n<td>Lina Sch\u00fctz<\/td>\n<td>Lina Sch\u00fctz<\/td>\n<\/tr>\n<tr>\n<td height=\"15\">Beisitzer<\/td>\n<td>Ren\u00e9 Mohr<\/td>\n<td>Ren\u00e9 Mohr<\/td>\n<td>Ren\u00e9 Mohr<\/td>\n<td>Ren\u00e9 Mohr<\/td>\n<\/tr>\n<tr>\n<td height=\"15\">Beisitzer<\/td>\n<td>&nbsp;<\/td>\n<td>&nbsp;<\/td>\n<td>&nbsp;<\/td>\n<td>Pascal Klein<\/td>\n<\/tr>\n<\/tbody>\n<\/table>\n","protected":false},"excerpt":{"rendered":"<p>&nbsp; Jahr 2015 &nbsp;2016 &nbsp;2017 2018 1. Vorsitzender Andreas&nbsp;M\u00fcnzel Andreas M\u00fcnzel Andreas M\u00fcnzel Andreas M\u00fcnzel Kirmespr\u00e4sident Lars Kreuter &nbsp; &nbsp; &nbsp; 2. Vorsitzender Christoph Mohr Christoph Mohr Christoph Mohr Christoph Mohr 1. Kassierer Marc Andr\u00e9 Schuth Marc Andr\u00e9 Schuth Marc &hellip; <a href=\"https:\/\/www.koblenz-kesselheim.de\/kirmes\/vorstand\/vorstandsmitglieder-der-kg-von-2015\/\">Weiterlesen <span class=\"meta-nav\">&rarr;<\/span><\/a><\/p>\n","protected":false},"author":6,"featured_media":0,"comment_status":"closed","ping_status":"closed","sticky":false,"template":"","format":"standard","meta":{"footnotes":""},"categories":[6],"tags":[],"class_list":["post-1709","post","type-post","status-publish","format-standard","hentry","category-vorstand"],"_links":{"self":[{"href":"https:\/\/www.koblenz-kesselheim.de\/kirmes\/wp-json\/wp\/v2\/posts\/1709","targetHints":{"allow":["GET"]}}],"collection":[{"href":"https:\/\/www.koblenz-kesselheim.de\/kirmes\/wp-json\/wp\/v2\/posts"}],"about":[{"href":"https:\/\/www.koblenz-kesselheim.de\/kirmes\/wp-json\/wp\/v2\/types\/post"}],"author":[{"embeddable":true,"href":"https:\/\/www.koblenz-kesselheim.de\/kirmes\/wp-json\/wp\/v2\/users\/6"}],"replies":[{"embeddable":true,"href":"https:\/\/www.koblenz-kesselheim.de\/kirmes\/wp-json\/wp\/v2\/comments?post=1709"}],"version-history":[{"count":10,"href":"https:\/\/www.koblenz-kesselheim.de\/kirmes\/wp-json\/wp\/v2\/posts\/1709\/revisions"}],"predecessor-version":[{"id":2249,"href":"https:\/\/www.koblenz-kesselheim.de\/kirmes\/wp-json\/wp\/v2\/posts\/1709\/revisions\/2249"}],"wp:attachment":[{"href":"https:\/\/www.koblenz-kesselheim.de\/kirmes\/wp-json\/wp\/v2\/media?parent=1709"}],"wp:term":[{"taxonomy":"category","embeddable":true,"href":"https:\/\/www.koblenz-kesselheim.de\/kirmes\/wp-json\/wp\/v2\/categories?post=1709"},{"taxonomy":"post_tag","embeddable":true,"href":"https:\/\/www.koblenz-kesselheim.de\/kirmes\/wp-json\/wp\/v2\/tags?post=1709"}],"curies":[{"name":"wp","href":"https:\/\/api.w.org\/{rel}","templated":true}]}}