{"id":160,"date":"2010-02-28T16:38:38","date_gmt":"2010-02-28T15:38:38","guid":{"rendered":"http:\/\/www.koblenz-kesselheim.de\/kirmes\/?p=160"},"modified":"2010-04-09T18:49:11","modified_gmt":"2010-04-09T17:49:11","slug":"wer-ist-eigentlich-dieser-kirmes-hannes","status":"publish","type":"post","link":"https:\/\/www.koblenz-kesselheim.de\/kirmes\/fragen\/wer-ist-eigentlich-dieser-kirmes-hannes\/","title":{"rendered":"Wer ist eigentlich dieser Kirmes-Hannes?"},"content":{"rendered":"<p>Der Kirmeshannes ist letztendlich ein Symbol f\u00fcr die Kirmes. Er steht aber nicht nur f\u00fcr das Fest, sondern auch f\u00fcr die Menschen, die an den Kirmestagen auf dem Festplatz feiern und Spa\u00df haben.<\/p>\n<p>Traditionell wird der Hannes als Strohpuppe in der Schie\u00dfjungenuniform, also Blaumann und Hut dargestellt und ist \u00fcber Kirmes oft mit den Schie\u00dfleuten zu sehen. Montags abends, am Ende der Kirmes, wird der Kirmeshannes dann symbolisch zu Grabe getragen. Aber zum Gl\u00fcck wissen wir ja, dass er im n\u00e4chsten Jahr zur\u00fcckkommen wird!<\/p>\n","protected":false},"excerpt":{"rendered":"<p>Der Kirmeshannes ist letztendlich ein Symbol f\u00fcr die Kirmes. Er steht aber nicht nur f\u00fcr das Fest, sondern auch f\u00fcr die Menschen, die an den Kirmestagen auf dem Festplatz feiern und Spa\u00df haben. Traditionell wird der Hannes als Strohpuppe in &hellip; <a href=\"https:\/\/www.koblenz-kesselheim.de\/kirmes\/fragen\/wer-ist-eigentlich-dieser-kirmes-hannes\/\">Weiterlesen <span class=\"meta-nav\">&rarr;<\/span><\/a><\/p>\n","protected":false},"author":5,"featured_media":0,"comment_status":"closed","ping_status":"open","sticky":false,"template":"","format":"standard","meta":{"footnotes":""},"categories":[9],"tags":[77,29],"class_list":["post-160","post","type-post","status-publish","format-standard","hentry","category-fragen","tag-fragen","tag-kirmeshannes"],"_links":{"self":[{"href":"https:\/\/www.koblenz-kesselheim.de\/kirmes\/wp-json\/wp\/v2\/posts\/160","targetHints":{"allow":["GET"]}}],"collection":[{"href":"https:\/\/www.koblenz-kesselheim.de\/kirmes\/wp-json\/wp\/v2\/posts"}],"about":[{"href":"https:\/\/www.koblenz-kesselheim.de\/kirmes\/wp-json\/wp\/v2\/types\/post"}],"author":[{"embeddable":true,"href":"https:\/\/www.koblenz-kesselheim.de\/kirmes\/wp-json\/wp\/v2\/users\/5"}],"replies":[{"embeddable":true,"href":"https:\/\/www.koblenz-kesselheim.de\/kirmes\/wp-json\/wp\/v2\/comments?post=160"}],"version-history":[{"count":2,"href":"https:\/\/www.koblenz-kesselheim.de\/kirmes\/wp-json\/wp\/v2\/posts\/160\/revisions"}],"predecessor-version":[{"id":462,"href":"https:\/\/www.koblenz-kesselheim.de\/kirmes\/wp-json\/wp\/v2\/posts\/160\/revisions\/462"}],"wp:attachment":[{"href":"https:\/\/www.koblenz-kesselheim.de\/kirmes\/wp-json\/wp\/v2\/media?parent=160"}],"wp:term":[{"taxonomy":"category","embeddable":true,"href":"https:\/\/www.koblenz-kesselheim.de\/kirmes\/wp-json\/wp\/v2\/categories?post=160"},{"taxonomy":"post_tag","embeddable":true,"href":"https:\/\/www.koblenz-kesselheim.de\/kirmes\/wp-json\/wp\/v2\/tags?post=160"}],"curies":[{"name":"wp","href":"https:\/\/api.w.org\/{rel}","templated":true}]}}