{"id":1381,"date":"2014-01-18T11:15:36","date_gmt":"2014-01-18T10:15:36","guid":{"rendered":"http:\/\/www.koblenz-kesselheim.de\/kirmes\/?p=1381"},"modified":"2014-01-18T11:15:36","modified_gmt":"2014-01-18T10:15:36","slug":"mitglieder-ehrungen-2014","status":"publish","type":"post","link":"https:\/\/www.koblenz-kesselheim.de\/kirmes\/ehrungen\/mitglieder-ehrungen-2014\/","title":{"rendered":"Mitglieder-Ehrungen 2014"},"content":{"rendered":"<p>Auf der Mitgliederversammlung am 17.01.2014 erfolgten<\/p>\n<div>\n<p>folgende Ehrungen von Mitgliedern:<\/p>\n<\/div>\n<p><strong>Ehrung f\u00fcr 25j\u00e4hrige Mitgliedschaft:<\/strong><\/p>\n<div>\n<p><strong>Silberne Ehrennadel<\/strong><\/p>\n<p>Dirk Bebbon<\/p>\n<p>Nadine Gille<\/p>\n<p>Svenja Gille<\/p>\n<p>Rainer Reif<\/p>\n<p>Andreas Sch\u00e4fer<\/p>\n<p>Verena Vogel<\/p>\n<p>&nbsp;<\/p>\n<\/div>\n<p><strong>Ehrung f\u00fcr 50j\u00e4hrige Mitgliedschaft:<\/strong><\/p>\n<div>\n<p><strong>Goldene Ehrennadel<\/strong><\/p>\n<p><span style=\"line-height: 1.5em;\">&#8211; keine &#8211;<\/span><\/p>\n<p>&nbsp;<\/p>\n<\/div>\n","protected":false},"excerpt":{"rendered":"<p>Auf der Mitgliederversammlung am 17.01.2014 erfolgten folgende Ehrungen von Mitgliedern: Ehrung f\u00fcr 25j\u00e4hrige Mitgliedschaft: Silberne Ehrennadel Dirk Bebbon Nadine Gille Svenja Gille Rainer Reif Andreas Sch\u00e4fer Verena Vogel &nbsp; Ehrung f\u00fcr 50j\u00e4hrige Mitgliedschaft: Goldene Ehrennadel &#8211; keine &#8211; &nbsp;<\/p>\n","protected":false},"author":6,"featured_media":0,"comment_status":"closed","ping_status":"closed","sticky":false,"template":"","format":"standard","meta":{"footnotes":""},"categories":[67],"tags":[],"class_list":["post-1381","post","type-post","status-publish","format-standard","hentry","category-ehrungen"],"_links":{"self":[{"href":"https:\/\/www.koblenz-kesselheim.de\/kirmes\/wp-json\/wp\/v2\/posts\/1381","targetHints":{"allow":["GET"]}}],"collection":[{"href":"https:\/\/www.koblenz-kesselheim.de\/kirmes\/wp-json\/wp\/v2\/posts"}],"about":[{"href":"https:\/\/www.koblenz-kesselheim.de\/kirmes\/wp-json\/wp\/v2\/types\/post"}],"author":[{"embeddable":true,"href":"https:\/\/www.koblenz-kesselheim.de\/kirmes\/wp-json\/wp\/v2\/users\/6"}],"replies":[{"embeddable":true,"href":"https:\/\/www.koblenz-kesselheim.de\/kirmes\/wp-json\/wp\/v2\/comments?post=1381"}],"version-history":[{"count":1,"href":"https:\/\/www.koblenz-kesselheim.de\/kirmes\/wp-json\/wp\/v2\/posts\/1381\/revisions"}],"predecessor-version":[{"id":1382,"href":"https:\/\/www.koblenz-kesselheim.de\/kirmes\/wp-json\/wp\/v2\/posts\/1381\/revisions\/1382"}],"wp:attachment":[{"href":"https:\/\/www.koblenz-kesselheim.de\/kirmes\/wp-json\/wp\/v2\/media?parent=1381"}],"wp:term":[{"taxonomy":"category","embeddable":true,"href":"https:\/\/www.koblenz-kesselheim.de\/kirmes\/wp-json\/wp\/v2\/categories?post=1381"},{"taxonomy":"post_tag","embeddable":true,"href":"https:\/\/www.koblenz-kesselheim.de\/kirmes\/wp-json\/wp\/v2\/tags?post=1381"}],"curies":[{"name":"wp","href":"https:\/\/api.w.org\/{rel}","templated":true}]}}