{"id":137,"date":"2010-02-28T16:26:51","date_gmt":"2010-02-28T15:26:51","guid":{"rendered":"http:\/\/www.koblenz-kesselheim.de\/kirmes\/?p=137"},"modified":"2010-04-09T18:52:56","modified_gmt":"2010-04-09T17:52:56","slug":"musst-ihr-sonntags-morgens-einen-solchen-krach-machen","status":"publish","type":"post","link":"https:\/\/www.koblenz-kesselheim.de\/kirmes\/fragen\/musst-ihr-sonntags-morgens-einen-solchen-krach-machen\/","title":{"rendered":"M\u00fcsst Ihr sonntags morgens einen solchen Krach machen?"},"content":{"rendered":"<p>Der Krach, der an Kirmessonntag morgens in aller Fr\u00fche zu h\u00f6ren ist, ist der Weckzug. Dieser Umzug wird p\u00fcnktlich um 6 Uhr angeschossen (weil ab dann keine Ruhezeit mehr ist).<\/p>\n<p>Vom Martinuseck ziehen wir dann, immer hinter den Schie\u00dfleuten her mit einer Blaskapelle und allen, die noch am Bierbrunnen ausgehalten haben, durch Kesselheim um alle, die nicht ausgehalten haben, wieder zu wecken und auf die Kirmes zu rufen.<\/p>\n<p>In manchen F\u00e4llen, speziell, wenn der Wind g\u00fcnstig steht, gelingt uns das so gut, dass sogar Leute aus Vallendar sich auf die Kirmes gerufen f\u00fchlen.<\/p>\n<p>Ein besonderes Highlight des Weckzugs sind die traditionellen Zwischenstopps zum Beispiel beim Ortsvorsteher oder in der Bud, bei denen es Fr\u00fchst\u00fcck in fl\u00fcssiger und fester Form f\u00fcr alle und eine Verschnaufpause f\u00fcr die Musiker und Schie\u00dfleute gibt.<\/p>\n","protected":false},"excerpt":{"rendered":"<p>Der Krach, der an Kirmessonntag morgens in aller Fr\u00fche zu h\u00f6ren ist, ist der Weckzug. Dieser Umzug wird p\u00fcnktlich um 6 Uhr angeschossen (weil ab dann keine Ruhezeit mehr ist). Vom Martinuseck ziehen wir dann, immer hinter den Schie\u00dfleuten her &hellip; <a href=\"https:\/\/www.koblenz-kesselheim.de\/kirmes\/fragen\/musst-ihr-sonntags-morgens-einen-solchen-krach-machen\/\">Weiterlesen <span class=\"meta-nav\">&rarr;<\/span><\/a><\/p>\n","protected":false},"author":5,"featured_media":0,"comment_status":"closed","ping_status":"open","sticky":false,"template":"","format":"standard","meta":{"footnotes":""},"categories":[9],"tags":[27,77,37,36,38],"class_list":["post-137","post","type-post","status-publish","format-standard","hentry","category-fragen","tag-boller","tag-fragen","tag-kirmesleute","tag-krach","tag-sonntag"],"_links":{"self":[{"href":"https:\/\/www.koblenz-kesselheim.de\/kirmes\/wp-json\/wp\/v2\/posts\/137","targetHints":{"allow":["GET"]}}],"collection":[{"href":"https:\/\/www.koblenz-kesselheim.de\/kirmes\/wp-json\/wp\/v2\/posts"}],"about":[{"href":"https:\/\/www.koblenz-kesselheim.de\/kirmes\/wp-json\/wp\/v2\/types\/post"}],"author":[{"embeddable":true,"href":"https:\/\/www.koblenz-kesselheim.de\/kirmes\/wp-json\/wp\/v2\/users\/5"}],"replies":[{"embeddable":true,"href":"https:\/\/www.koblenz-kesselheim.de\/kirmes\/wp-json\/wp\/v2\/comments?post=137"}],"version-history":[{"count":2,"href":"https:\/\/www.koblenz-kesselheim.de\/kirmes\/wp-json\/wp\/v2\/posts\/137\/revisions"}],"predecessor-version":[{"id":470,"href":"https:\/\/www.koblenz-kesselheim.de\/kirmes\/wp-json\/wp\/v2\/posts\/137\/revisions\/470"}],"wp:attachment":[{"href":"https:\/\/www.koblenz-kesselheim.de\/kirmes\/wp-json\/wp\/v2\/media?parent=137"}],"wp:term":[{"taxonomy":"category","embeddable":true,"href":"https:\/\/www.koblenz-kesselheim.de\/kirmes\/wp-json\/wp\/v2\/categories?post=137"},{"taxonomy":"post_tag","embeddable":true,"href":"https:\/\/www.koblenz-kesselheim.de\/kirmes\/wp-json\/wp\/v2\/tags?post=137"}],"curies":[{"name":"wp","href":"https:\/\/api.w.org\/{rel}","templated":true}]}}