{"id":119,"date":"2010-02-28T16:14:39","date_gmt":"2010-02-28T15:14:39","guid":{"rendered":"http:\/\/www.koblenz-kesselheim.de\/kirmes\/?p=119"},"modified":"2010-04-09T18:55:15","modified_gmt":"2010-04-09T17:55:15","slug":"wie-gros-ist-der-kirmesbaum","status":"publish","type":"post","link":"https:\/\/www.koblenz-kesselheim.de\/kirmes\/fragen\/wie-gros-ist-der-kirmesbaum\/","title":{"rendered":"Wie gro\u00df ist der Kirmesbaum?"},"content":{"rendered":"<table style=\"height: 354px;\" border=\"0\" cellspacing=\"0\" cellpadding=\"0\" width=\"483\">\n<tbody>\n<tr>\n<td width=\"624\" valign=\"top\">Neben der Gr\u00f6\u00dfe ist eine der hervorstechendsten Eigenschaften ds Kirmesbaums die H\u00f6he. Und mit der hat es eine besondere Bewandtnis, denn der Kesselheimer Kirmesbaum ist jedes Jahr fast auf den Millimeter genau 3 Meter h\u00f6her als der St. Sebastianer.<\/p>\n<p>Will man also wissen, wie hoch unser Baum werden wird, misst man einfach eine Woche vor Kirmes den Baum bei unseren Nachbarn hinter der Br\u00fccke und addiert 3 Meter. So hat man nebenbei auch eine kosteng\u00fcnstige M\u00f6glichkeit gefunden, die Zukunft vorherzusagen<\/td>\n<\/tr>\n<\/tbody>\n<\/table>\n","protected":false},"excerpt":{"rendered":"<p>Neben der Gr\u00f6\u00dfe ist eine der hervorstechendsten Eigenschaften ds Kirmesbaums die H\u00f6he. Und mit der hat es eine besondere Bewandtnis, denn der Kesselheimer Kirmesbaum ist jedes Jahr fast auf den Millimeter genau 3 Meter h\u00f6her als der St. Sebastianer. Will &hellip; <a href=\"https:\/\/www.koblenz-kesselheim.de\/kirmes\/fragen\/wie-gros-ist-der-kirmesbaum\/\">Weiterlesen <span class=\"meta-nav\">&rarr;<\/span><\/a><\/p>\n","protected":false},"author":5,"featured_media":0,"comment_status":"closed","ping_status":"open","sticky":false,"template":"","format":"standard","meta":{"footnotes":""},"categories":[9],"tags":[77,44],"class_list":["post-119","post","type-post","status-publish","format-standard","hentry","category-fragen","tag-fragen","tag-kirmesbaum"],"_links":{"self":[{"href":"https:\/\/www.koblenz-kesselheim.de\/kirmes\/wp-json\/wp\/v2\/posts\/119","targetHints":{"allow":["GET"]}}],"collection":[{"href":"https:\/\/www.koblenz-kesselheim.de\/kirmes\/wp-json\/wp\/v2\/posts"}],"about":[{"href":"https:\/\/www.koblenz-kesselheim.de\/kirmes\/wp-json\/wp\/v2\/types\/post"}],"author":[{"embeddable":true,"href":"https:\/\/www.koblenz-kesselheim.de\/kirmes\/wp-json\/wp\/v2\/users\/5"}],"replies":[{"embeddable":true,"href":"https:\/\/www.koblenz-kesselheim.de\/kirmes\/wp-json\/wp\/v2\/comments?post=119"}],"version-history":[{"count":7,"href":"https:\/\/www.koblenz-kesselheim.de\/kirmes\/wp-json\/wp\/v2\/posts\/119\/revisions"}],"predecessor-version":[{"id":476,"href":"https:\/\/www.koblenz-kesselheim.de\/kirmes\/wp-json\/wp\/v2\/posts\/119\/revisions\/476"}],"wp:attachment":[{"href":"https:\/\/www.koblenz-kesselheim.de\/kirmes\/wp-json\/wp\/v2\/media?parent=119"}],"wp:term":[{"taxonomy":"category","embeddable":true,"href":"https:\/\/www.koblenz-kesselheim.de\/kirmes\/wp-json\/wp\/v2\/categories?post=119"},{"taxonomy":"post_tag","embeddable":true,"href":"https:\/\/www.koblenz-kesselheim.de\/kirmes\/wp-json\/wp\/v2\/tags?post=119"}],"curies":[{"name":"wp","href":"https:\/\/api.w.org\/{rel}","templated":true}]}}