{"id":1026,"date":"2013-02-26T19:40:04","date_gmt":"2013-02-26T18:40:04","guid":{"rendered":"http:\/\/www.koblenz-kesselheim.de\/kirmes\/?p=1026"},"modified":"2013-02-26T19:41:23","modified_gmt":"2013-02-26T18:41:23","slug":"mitgliederehrung-2013","status":"publish","type":"post","link":"https:\/\/www.koblenz-kesselheim.de\/kirmes\/ehrungen\/mitgliederehrung-2013\/","title":{"rendered":"Mitglieder-Ehrungen 2013"},"content":{"rendered":"<p>Auf der Mitgliederversammlung am 15.02.2013 erfolgten<\/p>\n<div>\n<p>folgende Ehrungen von Mitgliedern:<\/p>\n<\/div>\n<p><strong>Ehrung f\u00fcr 25j\u00e4hrige Mitgliedschaft:<\/strong><\/p>\n<div>\n<p><strong>Silberne Ehrennadel<\/strong><\/p>\n<p>Christa Loosen<\/p>\n<p>J\u00fcrgen G\u00fcls<\/p>\n<p>Eric Schneider<\/p>\n<p>Marco Bahlo<\/p>\n<p>G\u00fcnter G\u00fcls<\/p>\n<p>Karin Mohr<\/p>\n<p>Michaela Reuscher<\/p>\n<p>Conny Bahlo<\/p>\n<p>Knut Christ<\/p>\n<p>&nbsp;<\/p>\n<\/div>\n<p><strong>Ehrung f\u00fcr 50j\u00e4hrige Mitgliedschaft:<\/strong><\/p>\n<div>\n<p><strong>Goldene Ehrennadel<\/strong><\/p>\n<p>Iris Zimmermann<\/p>\n<p>Werner Rummler<\/p>\n<p>&nbsp;<\/p>\n<\/div>\n","protected":false},"excerpt":{"rendered":"<p>Auf der Mitgliederversammlung am 15.02.2013 erfolgten folgende Ehrungen von Mitgliedern: Ehrung f\u00fcr 25j\u00e4hrige Mitgliedschaft: Silberne Ehrennadel Christa Loosen J\u00fcrgen G\u00fcls Eric Schneider Marco Bahlo G\u00fcnter G\u00fcls Karin Mohr Michaela Reuscher Conny Bahlo Knut Christ &nbsp; Ehrung f\u00fcr 50j\u00e4hrige Mitgliedschaft: Goldene &hellip; <a href=\"https:\/\/www.koblenz-kesselheim.de\/kirmes\/ehrungen\/mitgliederehrung-2013\/\">Weiterlesen <span class=\"meta-nav\">&rarr;<\/span><\/a><\/p>\n","protected":false},"author":6,"featured_media":0,"comment_status":"open","ping_status":"open","sticky":false,"template":"","format":"standard","meta":{"footnotes":""},"categories":[67],"tags":[],"class_list":["post-1026","post","type-post","status-publish","format-standard","hentry","category-ehrungen"],"_links":{"self":[{"href":"https:\/\/www.koblenz-kesselheim.de\/kirmes\/wp-json\/wp\/v2\/posts\/1026","targetHints":{"allow":["GET"]}}],"collection":[{"href":"https:\/\/www.koblenz-kesselheim.de\/kirmes\/wp-json\/wp\/v2\/posts"}],"about":[{"href":"https:\/\/www.koblenz-kesselheim.de\/kirmes\/wp-json\/wp\/v2\/types\/post"}],"author":[{"embeddable":true,"href":"https:\/\/www.koblenz-kesselheim.de\/kirmes\/wp-json\/wp\/v2\/users\/6"}],"replies":[{"embeddable":true,"href":"https:\/\/www.koblenz-kesselheim.de\/kirmes\/wp-json\/wp\/v2\/comments?post=1026"}],"version-history":[{"count":2,"href":"https:\/\/www.koblenz-kesselheim.de\/kirmes\/wp-json\/wp\/v2\/posts\/1026\/revisions"}],"predecessor-version":[{"id":1028,"href":"https:\/\/www.koblenz-kesselheim.de\/kirmes\/wp-json\/wp\/v2\/posts\/1026\/revisions\/1028"}],"wp:attachment":[{"href":"https:\/\/www.koblenz-kesselheim.de\/kirmes\/wp-json\/wp\/v2\/media?parent=1026"}],"wp:term":[{"taxonomy":"category","embeddable":true,"href":"https:\/\/www.koblenz-kesselheim.de\/kirmes\/wp-json\/wp\/v2\/categories?post=1026"},{"taxonomy":"post_tag","embeddable":true,"href":"https:\/\/www.koblenz-kesselheim.de\/kirmes\/wp-json\/wp\/v2\/tags?post=1026"}],"curies":[{"name":"wp","href":"https:\/\/api.w.org\/{rel}","templated":true}]}}